{"id":3116,"date":"2017-03-30T12:47:00","date_gmt":"2017-03-30T10:47:00","guid":{"rendered":"http:\/\/wptestsite.tecnavia.com\/chiesedisicilia_clientsite\/news\/2017\/03\/30\/noto-ufficio-diocesano-per-le-fragilita\/"},"modified":"2018-11-12T07:58:09","modified_gmt":"2018-01-16T07:58:09","slug":"noto-ufficio-diocesano-per-le-fragilita","status":"publish","type":"post","link":"https:\/\/www.chiesedisicilia.org\/2017\/03\/30\/noto-ufficio-diocesano-per-le-fragilita\/","title":{"rendered":"NOTO. UFFICIO DIOCESANO PER LE FRAGILITA&#8217;"},"content":{"rendered":"<div><span style=\"font-size: 12pt; font-family: \"Times New Roman\", serif;\"><span style=\"font-size: medium;\"><span style=\"font-family: \"Times New Roman\";\">Luned\u00ec 27 marzo 2017, alle ore 10, presso la Sala stampa della Curia vescovile di Noto, in via Gioberti, avr\u00e0 luogo la conferenza stampa di presentazione del nuovo Ufficio pastorale diocesano per le Fragilit\u00e0, tenacemente voluto dal vescovo di Noto, mons. Antonio Staglian\u00f2. Interverranno, a fianco dello stesso vescovo, il direttore dell&#8217;Ufficio Fragilit\u00e0 don Fortunato Di Noto e Massimiliano Casto, collaboratore di Avvenire, Radio Maria e Padre Pio Tv. [01]<br \/><\/span><\/span> <!--[if !supportLineBreakNewLine]--><br \/> <!--[endif]--><\/span><span style=\"font-size:12.0pt;font-family:\"Times New Roman\",\"serif\"\"><o:p><\/o:p><\/span><\/div>\n","protected":false},"excerpt":{"rendered":"","protected":false},"author":1,"featured_media":0,"comment_status":"open","ping_status":"open","sticky":false,"template":"","format":"standard","meta":[],"categories":[30],"tags":[],"news-destination":[],"news-source":[],"is_homepage":[],"ta_other":[],"_links":{"self":[{"href":"https:\/\/www.chiesedisicilia.org\/chiesedisicilia\/news\/wp-json\/wp\/v2\/posts\/3116"}],"collection":[{"href":"https:\/\/www.chiesedisicilia.org\/chiesedisicilia\/news\/wp-json\/wp\/v2\/posts"}],"about":[{"href":"https:\/\/www.chiesedisicilia.org\/chiesedisicilia\/news\/wp-json\/wp\/v2\/types\/post"}],"author":[{"embeddable":true,"href":"https:\/\/www.chiesedisicilia.org\/chiesedisicilia\/news\/wp-json\/wp\/v2\/users\/1"}],"replies":[{"embeddable":true,"href":"https:\/\/www.chiesedisicilia.org\/chiesedisicilia\/news\/wp-json\/wp\/v2\/comments?post=3116"}],"version-history":[{"count":1,"href":"https:\/\/www.chiesedisicilia.org\/chiesedisicilia\/news\/wp-json\/wp\/v2\/posts\/3116\/revisions"}],"predecessor-version":[{"id":21591,"href":"https:\/\/www.chiesedisicilia.org\/chiesedisicilia\/news\/wp-json\/wp\/v2\/posts\/3116\/revisions\/21591"}],"wp:attachment":[{"href":"https:\/\/www.chiesedisicilia.org\/chiesedisicilia\/news\/wp-json\/wp\/v2\/media?parent=3116"}],"wp:term":[{"taxonomy":"category","embeddable":true,"href":"https:\/\/www.chiesedisicilia.org\/chiesedisicilia\/news\/wp-json\/wp\/v2\/categories?post=3116"},{"taxonomy":"post_tag","embeddable":true,"href":"https:\/\/www.chiesedisicilia.org\/chiesedisicilia\/news\/wp-json\/wp\/v2\/tags?post=3116"},{"taxonomy":"news-destination","embeddable":true,"href":"https:\/\/www.chiesedisicilia.org\/chiesedisicilia\/news\/wp-json\/wp\/v2\/news-destination?post=3116"},{"taxonomy":"news-source","embeddable":true,"href":"https:\/\/www.chiesedisicilia.org\/chiesedisicilia\/news\/wp-json\/wp\/v2\/news-source?post=3116"},{"taxonomy":"is_homepage","embeddable":true,"href":"https:\/\/www.chiesedisicilia.org\/chiesedisicilia\/news\/wp-json\/wp\/v2\/is_homepage?post=3116"},{"taxonomy":"ta_other","embeddable":true,"href":"https:\/\/www.chiesedisicilia.org\/chiesedisicilia\/news\/wp-json\/wp\/v2\/ta_other?post=3116"}],"curies":[{"name":"wp","href":"https:\/\/api.w.org\/{rel}","templated":true}]}}