{"id":3104,"date":"2015-10-20T10:36:00","date_gmt":"2015-10-20T08:36:00","guid":{"rendered":"http:\/\/wptestsite.tecnavia.com\/chiesedisicilia_clientsite\/news\/2015\/10\/20\/noto-anniversario-del-vescovo-stagliano-e-ordinazioni\/"},"modified":"2018-11-12T07:58:08","modified_gmt":"2018-01-16T07:58:08","slug":"noto-anniversario-del-vescovo-stagliano-e-ordinazioni","status":"publish","type":"post","link":"https:\/\/www.chiesedisicilia.org\/2015\/10\/20\/noto-anniversario-del-vescovo-stagliano-e-ordinazioni\/","title":{"rendered":"NOTO. ANNIVERSARIO DEL VESCOVO STAGLIANO&#8217; E ORDINAZIONI"},"content":{"rendered":"<div><span style=\"background-image: initial; background-attachment: initial; background-size: initial; background-origin: initial; background-clip: initial; background-position: initial; background-repeat: initial;\"><span style=\"font-size: medium;\"><span style=\"font-family: 'Times New Roman';\">Il prossimo 20 ottobre 2015 ricorre il XXXI anniversario di ordinazione presbiterale del vescovo mons. Antonio Staglian\u00f2. In questa felice circostanza, la comunit\u00e0 diocesana si stringer\u00e0 attorno al suo pastore: \u00e8 in programma la solenne celebrazione eucaristica presso la Basilica Cattedrale San Nicol\u00f2, alle ore 18,30. Durante la celebrazione, il Vescovo consacrer\u00e0 diacono fra&#8217; Volantino (al secolo Corrado Giunta) e istituir\u00e0 lettore della Parola di Dio fra&#8217; Michele Maria, della comunit\u00e0 dei &#8220;piccoli frati e delle piccole suore di Ges\u00f9 e Maria&#8221;, impegnati nella Diocesi netina in una evangelizzazione itinerante &#8211; tanto caldeggiata dal vescovo &#8211; e in una scelta di radicale povert\u00e0 evangelica. [01]<\/span><\/span><\/span><\/div>\n","protected":false},"excerpt":{"rendered":"","protected":false},"author":1,"featured_media":0,"comment_status":"open","ping_status":"open","sticky":false,"template":"","format":"standard","meta":[],"categories":[30],"tags":[],"news-destination":[],"news-source":[],"is_homepage":[],"ta_other":[],"_links":{"self":[{"href":"https:\/\/www.chiesedisicilia.org\/chiesedisicilia\/news\/wp-json\/wp\/v2\/posts\/3104"}],"collection":[{"href":"https:\/\/www.chiesedisicilia.org\/chiesedisicilia\/news\/wp-json\/wp\/v2\/posts"}],"about":[{"href":"https:\/\/www.chiesedisicilia.org\/chiesedisicilia\/news\/wp-json\/wp\/v2\/types\/post"}],"author":[{"embeddable":true,"href":"https:\/\/www.chiesedisicilia.org\/chiesedisicilia\/news\/wp-json\/wp\/v2\/users\/1"}],"replies":[{"embeddable":true,"href":"https:\/\/www.chiesedisicilia.org\/chiesedisicilia\/news\/wp-json\/wp\/v2\/comments?post=3104"}],"version-history":[{"count":1,"href":"https:\/\/www.chiesedisicilia.org\/chiesedisicilia\/news\/wp-json\/wp\/v2\/posts\/3104\/revisions"}],"predecessor-version":[{"id":21581,"href":"https:\/\/www.chiesedisicilia.org\/chiesedisicilia\/news\/wp-json\/wp\/v2\/posts\/3104\/revisions\/21581"}],"wp:attachment":[{"href":"https:\/\/www.chiesedisicilia.org\/chiesedisicilia\/news\/wp-json\/wp\/v2\/media?parent=3104"}],"wp:term":[{"taxonomy":"category","embeddable":true,"href":"https:\/\/www.chiesedisicilia.org\/chiesedisicilia\/news\/wp-json\/wp\/v2\/categories?post=3104"},{"taxonomy":"post_tag","embeddable":true,"href":"https:\/\/www.chiesedisicilia.org\/chiesedisicilia\/news\/wp-json\/wp\/v2\/tags?post=3104"},{"taxonomy":"news-destination","embeddable":true,"href":"https:\/\/www.chiesedisicilia.org\/chiesedisicilia\/news\/wp-json\/wp\/v2\/news-destination?post=3104"},{"taxonomy":"news-source","embeddable":true,"href":"https:\/\/www.chiesedisicilia.org\/chiesedisicilia\/news\/wp-json\/wp\/v2\/news-source?post=3104"},{"taxonomy":"is_homepage","embeddable":true,"href":"https:\/\/www.chiesedisicilia.org\/chiesedisicilia\/news\/wp-json\/wp\/v2\/is_homepage?post=3104"},{"taxonomy":"ta_other","embeddable":true,"href":"https:\/\/www.chiesedisicilia.org\/chiesedisicilia\/news\/wp-json\/wp\/v2\/ta_other?post=3104"}],"curies":[{"name":"wp","href":"https:\/\/api.w.org\/{rel}","templated":true}]}}