{"id":3090,"date":"2015-04-23T10:21:00","date_gmt":"2015-04-23T08:21:00","guid":{"rendered":"http:\/\/wptestsite.tecnavia.com\/chiesedisicilia_clientsite\/news\/2015\/04\/23\/noto-chiesa-in-uscita-nella-compagnia-degli-uomini-per-una-citta-giusta-e-fraterna\/"},"modified":"2018-11-12T07:58:08","modified_gmt":"2018-01-16T07:58:08","slug":"noto-chiesa-in-uscita-nella-compagnia-degli-uomini-per-una-citta-giusta-e-fraterna","status":"publish","type":"post","link":"https:\/\/www.chiesedisicilia.org\/2015\/04\/23\/noto-chiesa-in-uscita-nella-compagnia-degli-uomini-per-una-citta-giusta-e-fraterna\/","title":{"rendered":"NOTO.  \u201cCHIESA IN USCITA. NELLA COMPAGNIA DEGLI UOMINI PER UNA CITT\u00c0 GIUSTA E FRATERNA\u201d"},"content":{"rendered":"<div><span style=\"font-size:12.0pt;font-family:\"Times New Roman\",\"serif\";\nmso-fareast-font-family:\"Times New Roman\"\">L\u2019importanza della diffusione del messaggio del Vangelo nella citt\u00e0 \u00e8 stato il centro dell&#8217;intervento di don Luigi Ciotti nel corso dell&#8217;incontro pastorale unitario su \u201cChiesa in uscita. Nella compagnia degli uomini per una citt\u00e0 giusta e fraterna\u201d, svoltosi lo scorso 13 aprile, presso l\u2019Oratorio San Domenico Savio di Rosolini. Il Vescovo di Noto, mons. Antonio Staglian\u00f2, ha evidenziato la necessit\u00e0 di spogliare la societ\u00e0 da tutto ci\u00f2 che la rende un\u201d ipermercato\u201d di sentimenti vuoti e inconsistenti.<o:p><\/o:p><\/span><\/div>\n<div><span style=\"font-size:12.0pt;font-family:\"Times New Roman\",\"serif\"\">Don Ciotti, sacerdote molto attivo nel sociale, ispiratore e fondatore dapprima del Gruppo Abele, come aiuto ai tossicodipendenti e altre varie dipendenze, quindi dell&#8217;Associazione Libera\u00a0contro i soprusi delle mafie\u00a0in tutta Italia,<\/span><span style=\"font-size:12.0pt;font-family:\"Times New Roman\",\"serif\";mso-fareast-font-family:\n\"Times New Roman\"\"> ha parlato del tema con riferimento alla citt\u00e0 come &#8220;organismo vivente e luogo di interazione sociale e culturale, in cui mondi diversi sono chiamati a confrontarsi, soprattutto nelle periferie dell\u2019anima&#8221;, ma anche in quanto &#8220;luogo in cui la povert\u00e0 economica e spirituale rischia di rovinare &#8216;l\u2019unit\u00e0 di misura della societ\u00e0&#8217; e cio\u00e8 la relazione&#8221;.\u00a0<o:p><\/o:p><\/span><\/div>\n<p class=\"MsoNoSpacing\"><span style=\"font-size:12.0pt;font-family:\"Times New Roman\",\"serif\";\nmso-fareast-font-family:\"Times New Roman\"\">Di seguito l\u2019intervista che Don Luigi Ciotti ci rilasciato all&#8217;Ufficio per le Comunicazioni sociali della Diocesi di Noto. <o:p><\/o:p><\/span><\/p>\n<p class=\"MsoNoSpacing\"><span style=\"font-size:12.0pt;font-family:\"Times New Roman\",\"serif\";\nmso-fareast-font-family:\"Times New Roman\"\">\u00a0<\/span><\/p>\n<p class=\"MsoNoSpacing\"><i><span style=\"font-size:12.0pt;font-family:\"Times New Roman\",\"serif\";\nmso-fareast-font-family:\"Times New Roman\"\">Don Ciotti, sappiamo del suo impegno profuso per i pi\u00f9 deboli e delle molteplici iniziative di cui si occupa per sostenere chi \u00e8 in difficolt\u00e0. Quali degli obiettivi prefissati nell\u2019ambito del progetto \u201cLibera\u201d sono stati raggiunti e quali sono in cantiere?<\/span><\/i><span style=\"font-size:12.0pt;font-family:\"Times New Roman\",\"serif\";mso-fareast-font-family:\n\"Times New Roman\"\"><o:p><\/o:p><\/span><\/p>\n<p class=\"MsoNoSpacing\"><span style=\"font-size:12.0pt;font-family:\"Times New Roman\",\"serif\";\nmso-fareast-font-family:\"Times New Roman\"\">&#8220;Libera \u00e8 un coordinamento di associazioni che hanno storie, percorsi e radici diverse, dall\u2019Azione Cattolica Italiana a Legambiente, ARCI, movimento per gli anziani, AGESCI, Chiesa valdese, Auser. Tanti movimenti messi insieme. Gli obiettivi sono stati tre in questi venti anni: la vicinanza ai familiari delle vittime innocenti di mafia; da qui la giornata dell\u2019impegno per fare memoria, un impegno che deve durare 365 giorni all\u2019anno. C\u2019\u00e8 stata inoltre la confisca di beni mafiosi con la raccolta di firme, un milione, e la legge che oggi deve essere certamente migliorata e resa pi\u00f9 efficace e che ha permesso di creare una strada, con le cooperative di lavoro, con un bando pubblico di giovani sui beni confiscati ai grandi boss in tutta Italia e ora anche una spinta a livello europeo.<o:p><\/o:p><\/span><\/p>\n<p class=\"MsoNoSpacing\"><span style=\"font-size:12.0pt;font-family:\"Times New Roman\",\"serif\";\nmso-fareast-font-family:\"Times New Roman\"\">Terzo obiettivo l\u2019educazione e la cultura, il lavoro nelle scuole, l\u2019Universit\u00e0, perch\u00e9 \u00e8 la cultura che d\u00e0 la sveglia alle coscienze. Poi il discorso sullo sport, sul doping, sulla presenza nelle carceri. Proprio sul tema della legalit\u00e0 si salda il tema della giustizia, con il grande rispetto per il lavoro dei magistrati, delle forze di Polizia, ma c\u2019\u00e8 un ruolo e anche una responsabilit\u00e0 di noi cittadini, delle nostre associazioni e dei nostri gruppi. Abbiamo detto questa sera anche di una Chiesa che deve essere pi\u00f9 forte, pi\u00f9 coraggiosa, perch\u00e9 dove viene calpestata la libert\u00e0 e la dignit\u00e0 delle persone, bisogna avere la forza di parlare, una Chiesa che deve legare la testimonianza cristiana con la responsabilit\u00e0 civile&#8221;.<o:p><\/o:p><\/span><\/p>\n<p class=\"MsoNoSpacing\"><i><span style=\"font-size:12.0pt;font-family:\"Times New Roman\",\"serif\";\nmso-fareast-font-family:\"Times New Roman\"\">A tal proposito le chiedo: quanto, secondo la sua esperienza sui luoghi della povert\u00e0 economica e spirituale, \u00e8 attuale e fondamentale diffondere il messaggio di speranza del Vangelo?<\/span><\/i><span style=\"font-size:12.0pt;font-family:\"Times New Roman\",\"serif\";mso-fareast-font-family:\n\"Times New Roman\"\"><o:p><\/o:p><\/span><\/p>\n<p class=\"MsoNoSpacing\"><span style=\"font-size:12.0pt;font-family:\"Times New Roman\",\"serif\";\nmso-fareast-font-family:\"Times New Roman\"\">&#8220;Il Vangelo \u00e8 fondamentale, noi dobbiamo illuminare le coscienze, dobbiamo dare una mano alla gente ad assumersi la propria parte di responsabilit\u00e0. Il Vangelo invita alla parres\u00eca, alla franchezza, al parlare chiaro, il contrario dell\u2019ipocrisia. Nel Vangelo il Signore ci invita all\u2019accoglienza: accogliere gli altri vuoi dire accogliere se stessi; ma non basta accogliere, bisogna anche riconoscere le persone. Bisogna riconoscere gli altri, come bisogna riconoscere se stessi. Il Vangelo ci invita a saldare la terra con il cielo. Una Chiesa capace di guardare verso il cielo, senza distrarsi dai problemi della terra, e poi soprattutto c\u2019\u00e8 una parola grande che \u00e8 carne, che \u00e8 vita, che \u00e8 l\u2019Amore verso il prossimo. Solo cos\u00ec si pu\u00f2 incontrare veramente Dio&#8221;. [01]<o:p><\/o:p><\/span><\/p>\n","protected":false},"excerpt":{"rendered":"","protected":false},"author":1,"featured_media":0,"comment_status":"open","ping_status":"open","sticky":false,"template":"","format":"standard","meta":[],"categories":[30],"tags":[],"news-destination":[],"news-source":[],"is_homepage":[],"ta_other":[],"_links":{"self":[{"href":"https:\/\/www.chiesedisicilia.org\/chiesedisicilia\/news\/wp-json\/wp\/v2\/posts\/3090"}],"collection":[{"href":"https:\/\/www.chiesedisicilia.org\/chiesedisicilia\/news\/wp-json\/wp\/v2\/posts"}],"about":[{"href":"https:\/\/www.chiesedisicilia.org\/chiesedisicilia\/news\/wp-json\/wp\/v2\/types\/post"}],"author":[{"embeddable":true,"href":"https:\/\/www.chiesedisicilia.org\/chiesedisicilia\/news\/wp-json\/wp\/v2\/users\/1"}],"replies":[{"embeddable":true,"href":"https:\/\/www.chiesedisicilia.org\/chiesedisicilia\/news\/wp-json\/wp\/v2\/comments?post=3090"}],"version-history":[{"count":1,"href":"https:\/\/www.chiesedisicilia.org\/chiesedisicilia\/news\/wp-json\/wp\/v2\/posts\/3090\/revisions"}],"predecessor-version":[{"id":21567,"href":"https:\/\/www.chiesedisicilia.org\/chiesedisicilia\/news\/wp-json\/wp\/v2\/posts\/3090\/revisions\/21567"}],"wp:attachment":[{"href":"https:\/\/www.chiesedisicilia.org\/chiesedisicilia\/news\/wp-json\/wp\/v2\/media?parent=3090"}],"wp:term":[{"taxonomy":"category","embeddable":true,"href":"https:\/\/www.chiesedisicilia.org\/chiesedisicilia\/news\/wp-json\/wp\/v2\/categories?post=3090"},{"taxonomy":"post_tag","embeddable":true,"href":"https:\/\/www.chiesedisicilia.org\/chiesedisicilia\/news\/wp-json\/wp\/v2\/tags?post=3090"},{"taxonomy":"news-destination","embeddable":true,"href":"https:\/\/www.chiesedisicilia.org\/chiesedisicilia\/news\/wp-json\/wp\/v2\/news-destination?post=3090"},{"taxonomy":"news-source","embeddable":true,"href":"https:\/\/www.chiesedisicilia.org\/chiesedisicilia\/news\/wp-json\/wp\/v2\/news-source?post=3090"},{"taxonomy":"is_homepage","embeddable":true,"href":"https:\/\/www.chiesedisicilia.org\/chiesedisicilia\/news\/wp-json\/wp\/v2\/is_homepage?post=3090"},{"taxonomy":"ta_other","embeddable":true,"href":"https:\/\/www.chiesedisicilia.org\/chiesedisicilia\/news\/wp-json\/wp\/v2\/ta_other?post=3090"}],"curies":[{"name":"wp","href":"https:\/\/api.w.org\/{rel}","templated":true}]}}