{"id":3083,"date":"2015-02-26T11:32:00","date_gmt":"2015-02-26T10:32:00","guid":{"rendered":"http:\/\/wptestsite.tecnavia.com\/chiesedisicilia_clientsite\/news\/2015\/02\/26\/noto-il-5-centenario-della-beatificazione-di-san-corrado\/"},"modified":"2018-11-12T07:58:08","modified_gmt":"2018-01-16T07:58:08","slug":"noto-il-5-centenario-della-beatificazione-di-san-corrado","status":"publish","type":"post","link":"https:\/\/www.chiesedisicilia.org\/2015\/02\/26\/noto-il-5-centenario-della-beatificazione-di-san-corrado\/","title":{"rendered":"NOTO. IL 5\u00b0 CENTENARIO DELLA BEATIFICAZIONE DI SAN CORRADO"},"content":{"rendered":"<div><span style=\"font-size: medium;\"><span style=\"font-family: 'Times New Roman';\">&#8220;Sar\u00e0 un anno indimenticabile, un anno in cui verr\u00e0 apposto il suggello pi\u00f9 prezioso ad un legame di fede tra la Citt\u00e0 e il suo Santo Patrono, San Corrado l&#8217;eremita&#8221;. Cos\u00ec dalla Curia netina \u00e8 presentato il programma per il 5\u00b0 Centenario della beatificazione di San Corrado.<\/span><\/span><span style=\"font-size:12.0pt;\nfont-family:\"Times New Roman\",\"serif\"\"><o:p><\/o:p><\/span><\/div>\n<div><span style=\"font-size: medium;\"><span style=\"font-family: 'Times New Roman';\">L&#8217;anniversario avr\u00e0 carattere non solo diocesano, ma superer\u00e0 i confini regionali. Ad aprire i festeggiamenti gioved\u00ec 19 febbraio 2015, la solennit\u00e0 di San Corrado, con il suo carico di emozionanti tradizioni in una fede in continuo rinnovamento.<\/span><\/span><span style=\"font-size:12.0pt;font-family:\"Times New Roman\",\"serif\";\nmso-fareast-font-family:\"Times New Roman\"\"><o:p><\/o:p><\/span><\/div>\n<div><span style=\"font-size: medium;\"><span style=\"font-family: 'Times New Roman';\">Una pubblicazione, un film (la cui proiezione, per giovani generazioni, ma non solo, cattarerizzer\u00e0 tutto l&#8217;anno), la lettura del poema di San Corrado, sapientemente scritto dal Vescovo, mons. Antonio Staglian\u00f2, da parte del Direttore artistico del Teatro di Noto, Sebastiano Lo Monaco, che diventer\u00e0 rappresentazione teatrale successivamente. E poi ancora le tre mostre (bibliografia, documentaria e iconografica), la pubblicazione dell&#8217;opera di Costantino Carasi, l&#8217;adesione alle giornate dei musei ecclesiastici, un convegno di studi, la Festa dell&#8217;Alveria, serate musicali e momenti legati ad eventi unici. Uno su tutti quello che si terr\u00e0 a Roma nella Chiesa di Santa Maria di Costantinopoli e Basilica dei Santi Cosma e Damiano, dove sono stati trovati affreschi in onore di San Corrado, e che \u00e8 considerata sede dell&#8217;Associazione netini a Roma. Verr\u00e0, ad essa, donata una reliquia ed una tela per la cappella dove, all&#8217;ombra della figura di Corrado Confalonieri, si incontreranno Roma e Noto. E ancora, in occasione di una manifestazione legata all&#8217;attivit\u00e0 degli sbandieratori, verr\u00e0 celebrata una Santa messa che permette di guadagnare le indulgenze e il raduno di tutte le Confraternite in occasione della Festa, in agosto. [01]<\/span><\/span><span style=\"font-size:12.0pt;font-family:\"Times New Roman\",\"serif\";\nmso-fareast-font-family:\"Times New Roman\"\"><o:p><\/o:p><\/span><\/div>\n","protected":false},"excerpt":{"rendered":"","protected":false},"author":1,"featured_media":0,"comment_status":"open","ping_status":"open","sticky":false,"template":"","format":"standard","meta":[],"categories":[30],"tags":[],"news-destination":[],"news-source":[],"is_homepage":[],"ta_other":[],"_links":{"self":[{"href":"https:\/\/www.chiesedisicilia.org\/chiesedisicilia\/news\/wp-json\/wp\/v2\/posts\/3083"}],"collection":[{"href":"https:\/\/www.chiesedisicilia.org\/chiesedisicilia\/news\/wp-json\/wp\/v2\/posts"}],"about":[{"href":"https:\/\/www.chiesedisicilia.org\/chiesedisicilia\/news\/wp-json\/wp\/v2\/types\/post"}],"author":[{"embeddable":true,"href":"https:\/\/www.chiesedisicilia.org\/chiesedisicilia\/news\/wp-json\/wp\/v2\/users\/1"}],"replies":[{"embeddable":true,"href":"https:\/\/www.chiesedisicilia.org\/chiesedisicilia\/news\/wp-json\/wp\/v2\/comments?post=3083"}],"version-history":[{"count":1,"href":"https:\/\/www.chiesedisicilia.org\/chiesedisicilia\/news\/wp-json\/wp\/v2\/posts\/3083\/revisions"}],"predecessor-version":[{"id":21558,"href":"https:\/\/www.chiesedisicilia.org\/chiesedisicilia\/news\/wp-json\/wp\/v2\/posts\/3083\/revisions\/21558"}],"wp:attachment":[{"href":"https:\/\/www.chiesedisicilia.org\/chiesedisicilia\/news\/wp-json\/wp\/v2\/media?parent=3083"}],"wp:term":[{"taxonomy":"category","embeddable":true,"href":"https:\/\/www.chiesedisicilia.org\/chiesedisicilia\/news\/wp-json\/wp\/v2\/categories?post=3083"},{"taxonomy":"post_tag","embeddable":true,"href":"https:\/\/www.chiesedisicilia.org\/chiesedisicilia\/news\/wp-json\/wp\/v2\/tags?post=3083"},{"taxonomy":"news-destination","embeddable":true,"href":"https:\/\/www.chiesedisicilia.org\/chiesedisicilia\/news\/wp-json\/wp\/v2\/news-destination?post=3083"},{"taxonomy":"news-source","embeddable":true,"href":"https:\/\/www.chiesedisicilia.org\/chiesedisicilia\/news\/wp-json\/wp\/v2\/news-source?post=3083"},{"taxonomy":"is_homepage","embeddable":true,"href":"https:\/\/www.chiesedisicilia.org\/chiesedisicilia\/news\/wp-json\/wp\/v2\/is_homepage?post=3083"},{"taxonomy":"ta_other","embeddable":true,"href":"https:\/\/www.chiesedisicilia.org\/chiesedisicilia\/news\/wp-json\/wp\/v2\/ta_other?post=3083"}],"curies":[{"name":"wp","href":"https:\/\/api.w.org\/{rel}","templated":true}]}}