{"id":3077,"date":"2015-01-08T15:40:00","date_gmt":"2015-01-08T14:40:00","guid":{"rendered":"http:\/\/wptestsite.tecnavia.com\/chiesedisicilia_clientsite\/news\/2015\/01\/08\/noto-con-gesu-lungo-le-strade-delluomo-incontro-per-gli-operatori-pastorali\/"},"modified":"2018-11-12T07:58:08","modified_gmt":"2018-01-16T07:58:08","slug":"noto-con-gesu-lungo-le-strade-delluomo-incontro-per-gli-operatori-pastorali","status":"publish","type":"post","link":"https:\/\/www.chiesedisicilia.org\/2015\/01\/08\/noto-con-gesu-lungo-le-strade-delluomo-incontro-per-gli-operatori-pastorali\/","title":{"rendered":"NOTO. &#8220;CON GES\u00d9 LUNGO LE STRADE DELL\u2019UOMO&#8221;: INCONTRO PER GLI OPERATORI PASTORALI"},"content":{"rendered":"<div><span style=\"font-size:12.0pt;font-family:\"Times New Roman\",\"serif\";\nmso-fareast-font-family:\"Times New Roman\"\"><span style=\"font-size: medium;\"><span style=\"font-family: 'Times New Roman';\">Il\u00a0cammino pastorale che la Chiesa netina sta facendo secondo il progetto unitario diocesano ha come tema &#8220;Una Chiesa in uscita. Con Ges\u00f9 lungo le strade dell\u2019uomo&#8221;. Nel tempo di Avvento e di Natale, la Chiesa locale si \u00e8 impegnata a stare lungo le strade dell&#8217;uomo con discernimento evangelico: leggendo la storia con gli occhi di Dio, valorizzando la famiglia come luogo originario della sequela\u00a0del Signore che ci visita, non trascurando la gioia della vita cristiana e maturando accoglienze dei poveri che abbiano il timbro di una condivisione che diventa prassi ordinaria. <\/span><\/span><o:p><\/o:p><\/span><\/div>\n<div><span style=\"font-size: medium;\"><span style=\"font-family: 'Times New Roman';\">&#8220;La seconda grande tappa &#8211; scrive in una recente circolare\u00a0il Vicario Generale mons. Angelo Giurdanella &#8211; sar\u00e0 la Quaresima e la Pasqua con al centro la relazione con Ges\u00f9 che ci chiede una continua conversione. Il tempo pasquale va pensato come il tempo della visita al territorio, della missione in atto. Anche per questo tempo \u00e8 stato preparato, dagli Uffici per la Catechesi, la Liturgia, la Caritas, la Famiglia e i Giovani, il Sussidio unitario. Prezioso strumento &#8211; aggiunge &#8211; che ci permetter\u00e0 di poter esprimere un impegno corale, ricco di segni evangelici capaci di incidere nel nostro territorio e di tenere viva la speranza di molti&#8221;.<\/span><\/span><span style=\"font-size:12.0pt;font-family:\"Times New Roman\",\"serif\";\nmso-fareast-font-family:\"Times New Roman\"\"><o:p><\/o:p><\/span><\/div>\n<div><span style=\"font-size: medium;\"><span style=\"font-family: 'Times New Roman';\">In questa prospettiva una fondamentale tappa del cammino di Chiesa diocesana \u00e8 costituito dall&#8217;incontro unitario di tutti gli operatori pastorali che si tiene a Rosolini, presso l\u2019Oratorio \u201cSan Domenico Savio\u201d, <strong>venerd\u00ec 16 gennaio 2015<\/strong>, dalle ore 18.00 alle 20.30. Il tema della riflessione \u00e8 &#8220;Con Ges\u00f9 lungo le strade dell\u2019uomo&#8221; e sar\u00e0 proposto ai partecipanti da fra Gaetano La Speme, Ministro provinciale dei frati Cappuccini, biblista e psicoterapeuta.<\/span><\/span><span style=\"font-size:12.0pt;font-family:\"Times New Roman\",\"serif\";\nmso-fareast-font-family:\"Times New Roman\"\"><o:p><\/o:p><\/span><\/div>\n<div><span style=\"font-size: medium;\"><span style=\"font-family: 'Times New Roman';\">L\u2019incontro verr\u00e0 introdotto da un momento di preghiera con la lettura di un testo del Concilio. Dopo la riflessione biblica \u00e8 previsto il confronto nei gruppi di studio, per favorire la ricaduta pastorale nei vicariati e nelle comunit\u00e0 di parrocchie, nonch\u00e9 nelle comunit\u00e0 religiose, e nelle diverse aggregazioni laicali.<\/span><\/span><span style=\"font-size:12.0pt;font-family:\"Times New Roman\",\"serif\";\nmso-fareast-font-family:\"Times New Roman\"\"><o:p><\/o:p><\/span><\/div>\n<div><span style=\"font-size: medium;\"><span style=\"font-family: 'Times New Roman';\">Saranno consegnate due piste per il confronto:<\/span><\/span><span style=\"font-size:12.0pt;font-family:\"Times New Roman\",\"serif\";\nmso-fareast-font-family:\"Times New Roman\"\"><o:p><\/o:p><\/span><\/div>\n<div><span style=\"font-size: medium;\"><span style=\"font-family: 'Times New Roman';\">\u2022 Sottolineare un aspetto della riflessione di fra Gaetano.<\/span><\/span><span style=\"font-size:12.0pt;font-family:\"Times New Roman\",\"serif\";\nmso-fareast-font-family:\"Times New Roman\"\"><o:p><\/o:p><\/span><\/div>\n<div><span style=\"font-size: medium;\"><span style=\"font-family: 'Times New Roman';\">\u2022 La ricaduta nella pastorale di quanto ascoltato nella riflessione.<\/span><\/span><span style=\"font-size:12.0pt;font-family:\"Times New Roman\",\"serif\";\nmso-fareast-font-family:\"Times New Roman\"\"><o:p><\/o:p><\/span><\/div>\n<div><span style=\"font-size: medium;\"><span style=\"font-family: 'Times New Roman';\">I Vicari Foranei e i Segretari dei Coordinamenti Vicariali condurranno il confronto nei gruppi di studio e consegneranno una breve sintesi scritta dei lavori di gruppo.<\/span><\/span><span style=\"font-size:12.0pt;font-family:\"Times New Roman\",\"serif\";\nmso-fareast-font-family:\"Times New Roman\"\"><o:p><\/o:p><\/span><\/div>\n<div><span style=\"font-size: medium;\"><span style=\"font-family: 'Times New Roman';\">A conclusione sar\u00e0 presentato il Sussidio per il cammino unitario di Quaresima che ogni comunit\u00e0 potr\u00e0 utilizzare come traccia per un raccordo comunionale. [01]<\/span><\/span><span style=\"font-size:12.0pt;font-family:\"Times New Roman\",\"serif\";\nmso-fareast-font-family:\"Times New Roman\"\"><o:p><\/o:p><\/span><\/div>\n","protected":false},"excerpt":{"rendered":"","protected":false},"author":1,"featured_media":0,"comment_status":"open","ping_status":"open","sticky":false,"template":"","format":"standard","meta":[],"categories":[30],"tags":[],"news-destination":[],"news-source":[],"is_homepage":[],"ta_other":[],"_links":{"self":[{"href":"https:\/\/www.chiesedisicilia.org\/chiesedisicilia\/news\/wp-json\/wp\/v2\/posts\/3077"}],"collection":[{"href":"https:\/\/www.chiesedisicilia.org\/chiesedisicilia\/news\/wp-json\/wp\/v2\/posts"}],"about":[{"href":"https:\/\/www.chiesedisicilia.org\/chiesedisicilia\/news\/wp-json\/wp\/v2\/types\/post"}],"author":[{"embeddable":true,"href":"https:\/\/www.chiesedisicilia.org\/chiesedisicilia\/news\/wp-json\/wp\/v2\/users\/1"}],"replies":[{"embeddable":true,"href":"https:\/\/www.chiesedisicilia.org\/chiesedisicilia\/news\/wp-json\/wp\/v2\/comments?post=3077"}],"version-history":[{"count":1,"href":"https:\/\/www.chiesedisicilia.org\/chiesedisicilia\/news\/wp-json\/wp\/v2\/posts\/3077\/revisions"}],"predecessor-version":[{"id":21554,"href":"https:\/\/www.chiesedisicilia.org\/chiesedisicilia\/news\/wp-json\/wp\/v2\/posts\/3077\/revisions\/21554"}],"wp:attachment":[{"href":"https:\/\/www.chiesedisicilia.org\/chiesedisicilia\/news\/wp-json\/wp\/v2\/media?parent=3077"}],"wp:term":[{"taxonomy":"category","embeddable":true,"href":"https:\/\/www.chiesedisicilia.org\/chiesedisicilia\/news\/wp-json\/wp\/v2\/categories?post=3077"},{"taxonomy":"post_tag","embeddable":true,"href":"https:\/\/www.chiesedisicilia.org\/chiesedisicilia\/news\/wp-json\/wp\/v2\/tags?post=3077"},{"taxonomy":"news-destination","embeddable":true,"href":"https:\/\/www.chiesedisicilia.org\/chiesedisicilia\/news\/wp-json\/wp\/v2\/news-destination?post=3077"},{"taxonomy":"news-source","embeddable":true,"href":"https:\/\/www.chiesedisicilia.org\/chiesedisicilia\/news\/wp-json\/wp\/v2\/news-source?post=3077"},{"taxonomy":"is_homepage","embeddable":true,"href":"https:\/\/www.chiesedisicilia.org\/chiesedisicilia\/news\/wp-json\/wp\/v2\/is_homepage?post=3077"},{"taxonomy":"ta_other","embeddable":true,"href":"https:\/\/www.chiesedisicilia.org\/chiesedisicilia\/news\/wp-json\/wp\/v2\/ta_other?post=3077"}],"curies":[{"name":"wp","href":"https:\/\/api.w.org\/{rel}","templated":true}]}}