{"id":3076,"date":"2015-01-08T15:31:00","date_gmt":"2015-01-08T14:31:00","guid":{"rendered":"http:\/\/wptestsite.tecnavia.com\/chiesedisicilia_clientsite\/news\/2015\/01\/08\/noto-celebrazioni-per-lanniversario-della-nascita-di-giorgio-la-pira\/"},"modified":"2018-11-12T07:58:08","modified_gmt":"2018-01-16T07:58:08","slug":"noto-celebrazioni-per-lanniversario-della-nascita-di-giorgio-la-pira","status":"publish","type":"post","link":"https:\/\/www.chiesedisicilia.org\/2015\/01\/08\/noto-celebrazioni-per-lanniversario-della-nascita-di-giorgio-la-pira\/","title":{"rendered":"NOTO. CELEBRAZIONI PER L\u2019ANNIVERSARIO DELLA NASCITA DI GIORGIO LA PIRA"},"content":{"rendered":"<p class=\"MsoNoSpacing\"><span style=\"font-size: medium;\"><span style=\"font-family: 'Times New Roman';\">A Pozzallo, dal 7 al 9 gennaio 2015, si svolgono le celebrazioni per l\u2019anniversario della nascita di Giorgio La Pira, promosse dalla Diocesi di Noto, dalla Chiesa Madre Madonna del Rosario e dal vicariato di Pozzallo. L\u2019organizzazione dell\u2019evento \u00e8 stata curata dall\u2019Associazione per la giovent\u00f9 Giorgio La Pira di Pozzallo. L\u2019evento \u00e8 stata inoltre organizzato in collaborazione con i comuni di Pozzallo e di Firenze. <\/span><\/span><span style=\"font-size:12.0pt;font-family:\" times=\"\" new=\"\"><o:p><\/o:p><\/span><\/p>\n<p class=\"MsoNoSpacing\"><span style=\"font-size: medium;\"><span style=\"font-family: 'Times New Roman';\">Gi\u00e0 da alcuni anni, in occasione dell\u2019anniversario della nascita del professore La Pira, sono stati organizzati a Pozzallo degli incontri che hanno visto la partecipazione di rappresentanti dell\u2019ebraismo, della chiesa ortodossa e dell\u2019islam che hanno pregato insieme per la pace davanti alla casa natale di Giorgio La Pira.<\/span><\/span><span style=\"font-size:12.0pt;font-family:\" times=\"\" new=\"\"><o:p><\/o:p><\/span><\/p>\n<p class=\"MsoNoSpacing\"><span style=\"font-size: medium;\"><span style=\"font-family: 'Times New Roman';\">Durante le giornate lapiriane, si \u00e8 discusso e riflettuto su alcune tematiche care a Giorgio La Pira. Pi\u00f9 in dettaglio si \u00e8 parlato della Costituzione italiana, con la partecipazione di Ugo de Siervo, presidente emerito della Corte Costituzione, e di economia con l\u2019economista Piero Roggi.<\/span><\/span><span style=\"font-size:12.0pt;font-family:\" times=\"\" new=\"\"><o:p><\/o:p><\/span><\/p>\n<p class=\"MsoNoSpacing\"><span style=\"font-size: medium;\"><span style=\"font-family: 'Times New Roman';\">Per le celebrazione di quest&#8217;anno \u00e8 stato scelto come tema &#8220;Giorgio La Pira e la Terra Santa&#8221;.<\/span><\/span><span style=\"font-size:12.0pt;font-family:\" times=\"\" new=\"\"><o:p><\/o:p><\/span><\/p>\n<p class=\"MsoNoSpacing\"><span style=\"font-size: medium;\"><span style=\"font-family: 'Times New Roman';\">All\u2019iniziativa parteciperanno esponenti religiosi e del mondo della cultura provenienti dalla Palestina, dall\u2019Iraq e dall\u2019India: don Raed Abushalia, segretario generale della Caritas di Gerusalemme, la professoressa Raweya al-Rawi dall\u2019Iraq; dall\u2019India padre Prakash Anthony Lohale, assistente del maestro generale dei padri domenicani.<\/span><\/span><span style=\"font-size:12.0pt;font-family:\" times=\"\" new=\"\"><o:p><\/o:p><\/span><\/p>\n<p class=\"MsoNoSpacing\"><span style=\"font-size: medium;\"><span style=\"font-family: 'Times New Roman';\">Ad aprire il convegno, il <b>7 gennaio 2015<\/b>, nello Spazio Cultura \u201cMeno Assenza&#8221;, il vicario foraneo di Pozzallo don Salvatore Cerruto, A presiedere i lavori il professor Mahmoud Salem Elsheikh, del Comitato Oriente &#8211; Occidente dell\u2019 Universit\u00e0 degli Studi di Firenze. Interviene Marco Pietro Giovannoni, dell\u2019Istituto Superiore di Scienze Religiose \u201cBeato Gregorio X&#8221; di Arezzo, il quale ha curato la pubblicazione del volume &#8220;Lettere di Giorgio La Pira per la pace nel Mediterraneo&#8221;. La Pira amava definire il Mediterraneo \u201cil grande lago di Tiberiade&#8221; del nuovo universo delle nazioni, mare su cui si affacciano le tre grandi religioni monoteiste, la \u201ctriplice famiglia di Abramo&#8221;, luogo di incontro dei popoli che vivono sulle sue rive.<\/span><\/span><span style=\"font-size:12.0pt;font-family:\" times=\"\" new=\"\"><o:p><\/o:p><\/span><\/p>\n<p class=\"MsoNoSpacing\"><span style=\"font-size: medium;\"><span style=\"font-family: 'Times New Roman';\">Durante i lavori, si riflette sulla situazione attuale dei cristiani del Patriarcato Latino di Gerusalemme. A guidare la riflessione don Raed Abshalia e don Nandino Capovilla, di Pax Christi.<\/span><\/span><span style=\"font-size:12.0pt;font-family:\" times=\"\" new=\"\"><o:p><\/o:p><\/span><\/p>\n<p class=\"MsoNoSpacing\"><span style=\"font-size: medium;\"><span style=\"font-family: 'Times New Roman';\">Padre Aldo Tarquini, priore della Provincia domenicana romana Santa Caterina da Siena, che \u00e8 stato censore per la causa di beatificazione di Giorgio La Pira, porta il saluto dei padri predicatori.\u00a0A conclusione dei lavori l&#8217;intervento di Raweya al-Rawi dell\u2019Universit\u00e0 di Baghdad.<\/span><\/span><\/p>\n<p class=\"MsoNoSpacing\"><span style=\"font-size: medium;\"><span style=\"font-family: 'Times New Roman';\"><b>Gioved\u00ec 8 gennaio<\/b> l&#8217;incontro per gli studenti, alle ore 10, presso lo spazio cultura &#8220;Meno Assenza&#8221;, con l&#8217;introduzione di Carmelo Nolano, presidente dell\u2019Associazione per la giovent\u00f9 &#8220;Giorgio La Pira&#8221;.<\/span><\/span><span style=\"font-size:12.0pt;font-family:\" times=\"\" new=\"\"><o:p><\/o:p><\/span><\/p>\n<p class=\"MsoNoSpacing\"><span style=\"font-size: medium;\"><span style=\"font-family: 'Times New Roman';\">Alle ore 18 al via la &#8220;2\u00b0 Marcia per la fratellanza e l\u2019amicizia dei popoli&#8221; che dalla chiesa San Giovanni Battista raggiunge la Chiesa madre Madonna del Rosario, per un momento di preghiera per la pace in Terra Santa. A questo prendono parte: Maurilio Assenza, direttore della Caritas della Diocesi di Noto; padre Prakash Anthony Lohale; Kheit Abdelhafid, presidente della Comunit\u00e0 islamica di Sicilia e membro del direttivo nazione dell\u2019Unione delle Comunit\u00e0 islamiche d\u2019Italia; don Raed Abushalia; Caterina Biti, presidente Consiglio Comunale di Firenze; Luigi Ammatuna sindaco di Pozzallo.<\/span><\/span><\/p>\n<p class=\"MsoNoSpacing\"><span style=\"font-size: medium;\"><span style=\"font-family: 'Times New Roman';\"><span times=\"\" new=\"\">&#8220;Oggi in un momento storico in cui la violenza, i conflitti armati sembrano prevalere, vogliamo rilanciare, far nostro il messaggio di pace, di speranza del professor La Pira, dare il nostro contributo per la costruzione di un nuovo ponte di preghiera di dialogo &#8211; si legge in una nota stampa diramata dell&#8217;Ufficio stampa della Diocesi -; desideriamo proporre momenti di riflessione durante i quali popoli fratelli della famiglia di Abramo si ritrovano insieme. Un primo appuntamento per far brillare una piccola scintilla che possa infiammare i nostri cuori. Crediamo che la pace non sia un utopia; siamo fermamente convinti che la pace, la fratellanza, che l&#8217; amicizia tra i figli di Abramo non \u00e8 un utopia. Desideriamo far nostra la tesi di Isaia: perch\u00e9 non iniziare proprio \u2026, dalla Terra Santa, la nuova storia di pace, di unit\u00e0, di civilt\u00e0 dei popoli di tutta la terra? Perch\u00e9 non superare con un atto di fede religioso e storico e perci\u00f2 anche politico, in questa prospettiva mediterranea e mondiale, tutte le divisioni che ancora tanto gravemente rompono l\u2019unit\u00e0 della famiglia di Abramo, per iniziare, proprio da qui, quell\u2019inevitabile moto di pace destinato ad abbracciare tutti i popoli della terra e destinato a edificare un\u2019et\u00e0 qualitativamente nuova della storia del mondo ? \u2026 Un sogno, una poesia ? No, una prospettiva storica inevitabile. Il cammino dei popoli verso di essa pu\u00f2 essere soltanto ritardato, ma l&#8217;avanzata \u00e8 inarrestabile<\/span><\/span><\/span><span style=\"font-size:12.0pt;font-family:\" times=\"\" new=\"\"><o:p><\/o:p><\/span><\/p>\n<p class=\"MsoNoSpacing\"><span style=\"font-size: medium;\"><span style=\"font-family: 'Times New Roman';\"><i><span times=\"\" new=\"\">&#8230; Io sono profondamente persuaso \u2026 che i popoli della famiglia di Abramo troveranno la loro unit\u00e0 perduta, il ponte, la strada di Isaia ( 19, 23 ), e questa unit\u00e0 dei popoli dia Abramo sar\u00e0 la promessa e come il fondamento dell\u2019unit\u00e0 e della pace dell\u2019intera famiglia dei popoli .<\/span><\/i><\/span><\/span><i><span style=\"font-size:12.0pt;font-family:\" times=\"\" new=\"\"><o:p><\/o:p><\/span><\/i><\/p>\n<p class=\"MsoNoSpacing\"><span style=\"font-size: medium;\"><span style=\"font-family: 'Times New Roman';\"><span times=\"\" new=\"\">Crediamo profondamente, come Giorgio La Pira, che la \u2026 pace nel Mediterraneo sar\u00e0 inoltre \u2026 l\u2019inizio e il fondamento della pace fra tutte le nazioni del mondo. Quando questa pace del Mediterraneo sar\u00e0 fatta e quando sar\u00e0 fatta la pace fra tutte le nazioni, allora noi potremo ricordarci con gioia i divini messaggi di pace che sono risuonati su queste stesse rive.<\/span><\/span><\/span><span style=\"font-size:12.0pt;font-family:\" times=\"\" new=\"\"><o:p><\/o:p><\/span><\/p>\n<p class=\"MsoNoSpacing\"><span style=\"font-size: medium;\"><span style=\"font-family: 'Times New Roman';\"><span times=\"\" new=\"\">Spes contra spem ! \u2026 Nonostante tutto non bisogna disperare: i lieviti di bene sono pi\u00f9 potenti dei lieviti di male: il tempo li condurr\u00e0 progressivamente \u2013 nella pazienza, nella speranza, nelle preghiera, nell\u2019azione oculata e pronta \u2013 a maturazione vasta e sicura&#8221;.<\/span><\/span><\/span><\/p>\n<p class=\"MsoNoSpacing\">\u00a0<\/p>\n<p class=\"MsoNoSpacing\"><span style=\"font-size: medium; font-family: 'Times New Roman';\">Giorgio La Pira fu professore di diritto romano e padre costituente. Da sindaco di Firenze difese i diritti dei pi\u00f9 deboli , dei senza casa, dei lavoratori e si impegno instancabilmente per la pace, per il superamento della divisione tra le democrazie occidentali, l\u2019URSS e i Paesi comunisti dell\u2019Europa orientale. Fece incontrare capi di Stato, rappresentanti delle religioni promuovendo eventi culturali a carattere internazionale come i \u201cConvegni per la pace e la civilt\u00e0 cristiana\u201d.\u00a0<\/span><span style=\"font-family: 'Times New Roman'; font-size: medium;\">Fautore della riconciliazione tra i popoli, a cominciare dalla famiglia di Abramo &#8211; Ebrei, Cristiani e Musulmani- , organizzo i \u201c Colloqui mediterranei \u201d che posero le basi per la pace tra francesi ed algerini. Durante la guerra fredda fu il primo occidentale a superare la \u201ccortina di ferro\u201d recandosi in Russia, per costruire un ponte di preghiera, unit\u00e0 e pace tra oriente ed occidente, fondato sulla profezia e le promesse di Fatima. Incontr\u00f2 Ho Ci Min proponendo la bozza di accordo per una soluzione politica del sanguinoso conflitto in Vietnam . L\u2019accordo da lui proposto, costituir\u00e0, dopo alcuni anni e molti altri morti, la base per gli accordi di pace definitivi. [01]<\/span><\/p>\n<p class=\"MsoNoSpacing\"><span style=\"font-size:12.0pt;font-family:\" times=\"\" new=\"\"><o:p><\/o:p><\/span><\/p>\n","protected":false},"excerpt":{"rendered":"","protected":false},"author":1,"featured_media":0,"comment_status":"open","ping_status":"open","sticky":false,"template":"","format":"standard","meta":[],"categories":[30],"tags":[],"news-destination":[],"news-source":[],"is_homepage":[],"ta_other":[],"_links":{"self":[{"href":"https:\/\/www.chiesedisicilia.org\/chiesedisicilia\/news\/wp-json\/wp\/v2\/posts\/3076"}],"collection":[{"href":"https:\/\/www.chiesedisicilia.org\/chiesedisicilia\/news\/wp-json\/wp\/v2\/posts"}],"about":[{"href":"https:\/\/www.chiesedisicilia.org\/chiesedisicilia\/news\/wp-json\/wp\/v2\/types\/post"}],"author":[{"embeddable":true,"href":"https:\/\/www.chiesedisicilia.org\/chiesedisicilia\/news\/wp-json\/wp\/v2\/users\/1"}],"replies":[{"embeddable":true,"href":"https:\/\/www.chiesedisicilia.org\/chiesedisicilia\/news\/wp-json\/wp\/v2\/comments?post=3076"}],"version-history":[{"count":1,"href":"https:\/\/www.chiesedisicilia.org\/chiesedisicilia\/news\/wp-json\/wp\/v2\/posts\/3076\/revisions"}],"predecessor-version":[{"id":21551,"href":"https:\/\/www.chiesedisicilia.org\/chiesedisicilia\/news\/wp-json\/wp\/v2\/posts\/3076\/revisions\/21551"}],"wp:attachment":[{"href":"https:\/\/www.chiesedisicilia.org\/chiesedisicilia\/news\/wp-json\/wp\/v2\/media?parent=3076"}],"wp:term":[{"taxonomy":"category","embeddable":true,"href":"https:\/\/www.chiesedisicilia.org\/chiesedisicilia\/news\/wp-json\/wp\/v2\/categories?post=3076"},{"taxonomy":"post_tag","embeddable":true,"href":"https:\/\/www.chiesedisicilia.org\/chiesedisicilia\/news\/wp-json\/wp\/v2\/tags?post=3076"},{"taxonomy":"news-destination","embeddable":true,"href":"https:\/\/www.chiesedisicilia.org\/chiesedisicilia\/news\/wp-json\/wp\/v2\/news-destination?post=3076"},{"taxonomy":"news-source","embeddable":true,"href":"https:\/\/www.chiesedisicilia.org\/chiesedisicilia\/news\/wp-json\/wp\/v2\/news-source?post=3076"},{"taxonomy":"is_homepage","embeddable":true,"href":"https:\/\/www.chiesedisicilia.org\/chiesedisicilia\/news\/wp-json\/wp\/v2\/is_homepage?post=3076"},{"taxonomy":"ta_other","embeddable":true,"href":"https:\/\/www.chiesedisicilia.org\/chiesedisicilia\/news\/wp-json\/wp\/v2\/ta_other?post=3076"}],"curies":[{"name":"wp","href":"https:\/\/api.w.org\/{rel}","templated":true}]}}