{"id":3071,"date":"2014-12-11T19:38:00","date_gmt":"2014-12-11T18:38:00","guid":{"rendered":"http:\/\/wptestsite.tecnavia.com\/chiesedisicilia_clientsite\/news\/2014\/12\/11\/noto-fondazione-iolanda-e-francesco-ciurciu-per-la-disabilita\/"},"modified":"2018-11-12T07:58:08","modified_gmt":"2018-01-16T07:58:08","slug":"noto-fondazione-iolanda-e-francesco-ciurciu-per-la-disabilita","status":"publish","type":"post","link":"https:\/\/www.chiesedisicilia.org\/2014\/12\/11\/noto-fondazione-iolanda-e-francesco-ciurciu-per-la-disabilita\/","title":{"rendered":"NOTO. FONDAZIONE &#8220;IOLANDA E FRANCESCO CIURCI\u00d9&#8221; PER LA DISABILIT\u00c0"},"content":{"rendered":"<p class=\"MsoNoSpacing\"><span style=\"font-size: medium;\"><span style=\"font-family: 'Times New Roman';\">\u201cSiamo partiti ufficialmente. Adesso non ci fermiamo pi\u00f9\u201d. Con queste parole, il presidente della fondazione \u201cIolanda e Francesco Ciurci\u00f9\u201d, Giovanni Ciurci\u00f9, ha ufficializzato il progetto che riguarda il mondo della disabilit\u00e0 e che dar\u00e0 assistenza a molti fra i diversamente abili presenti in provincia di Ragusa.<\/span><\/span><span style=\"font-size:12.0pt;font-family:\"Times New Roman\",\"serif\";\nmso-fareast-font-family:\"Times New Roman\"\"><o:p><\/o:p><\/span><\/p>\n<p class=\"MsoNoSpacing\"><span style=\"font-size: medium;\"><span style=\"font-family: 'Times New Roman';\">Preziosa \u00e8 stata la presenza del Vescovo di Noto, mons. Antonio Staglian\u00f2, il quale ha rimarcato come sia importante la presenza di una struttura che offra amore e sostegno a tante persone che, da sole e con gravi problemi economici, non potrebbero ricevere cure adeguate per la loro vita. Il Vescovo ha espresso il desiderio di essere presente il giorno dell&#8217;inaugurazione della struttura dell&#8217;ex Colonia marina di Pozzallo, quando ci sar\u00e0 il tradizionale rito del taglio del nastro.<\/span><\/span><span style=\"font-size:12.0pt;font-family:\"Times New Roman\",\"serif\";\nmso-fareast-font-family:\"Times New Roman\"\"><o:p><\/o:p><\/span><\/p>\n<p class=\"MsoNoSpacing\"><span style=\"font-size: medium;\"><span style=\"font-family: 'Times New Roman';\">Nel discorso inaugurale il presidente Ciurci\u00f9 ha evidenziato che la struttura \u00e8 \u201cun dono che i pozzallesi dovranno mantenere in vita perch\u00e9 questa struttura e questa fondazione, sono della gente. La Fondazione adesso guarda al futuro e, come tutte le cose che guardano al futuro, il desiderio di chi ci ha messo cuore e passione \u00e8 quello che non si distrugga l&#8217;idea, il cuore e la voglia di lavorare per questo bene comune\u201d.<\/span><\/span><span style=\"font-size:12.0pt;font-family:\"Times New Roman\",\"serif\";\nmso-fareast-font-family:\"Times New Roman\"\"><o:p><\/o:p><\/span><\/p>\n<p class=\"MsoNoSpacing\"><span style=\"font-size: medium;\"><span style=\"font-family: 'Times New Roman';\">In sala, \u00e8 stato letto anche lo statuto della Fondazione, di fronte a quasi 200 persone, con la sala gremita in ogni ordine di posto e con molti cittadini pozzallesi rimasti in piedi. presenti in sala politici della scena locale e regionale. [01]<\/span><\/span><span style=\"font-size:12.0pt;font-family:\"Times New Roman\",\"serif\";\nmso-fareast-font-family:\"Times New Roman\"\"><o:p><\/o:p><\/span><\/p>\n","protected":false},"excerpt":{"rendered":"","protected":false},"author":1,"featured_media":0,"comment_status":"open","ping_status":"open","sticky":false,"template":"","format":"standard","meta":[],"categories":[30],"tags":[],"news-destination":[],"news-source":[],"is_homepage":[],"ta_other":[],"_links":{"self":[{"href":"https:\/\/www.chiesedisicilia.org\/chiesedisicilia\/news\/wp-json\/wp\/v2\/posts\/3071"}],"collection":[{"href":"https:\/\/www.chiesedisicilia.org\/chiesedisicilia\/news\/wp-json\/wp\/v2\/posts"}],"about":[{"href":"https:\/\/www.chiesedisicilia.org\/chiesedisicilia\/news\/wp-json\/wp\/v2\/types\/post"}],"author":[{"embeddable":true,"href":"https:\/\/www.chiesedisicilia.org\/chiesedisicilia\/news\/wp-json\/wp\/v2\/users\/1"}],"replies":[{"embeddable":true,"href":"https:\/\/www.chiesedisicilia.org\/chiesedisicilia\/news\/wp-json\/wp\/v2\/comments?post=3071"}],"version-history":[{"count":1,"href":"https:\/\/www.chiesedisicilia.org\/chiesedisicilia\/news\/wp-json\/wp\/v2\/posts\/3071\/revisions"}],"predecessor-version":[{"id":21549,"href":"https:\/\/www.chiesedisicilia.org\/chiesedisicilia\/news\/wp-json\/wp\/v2\/posts\/3071\/revisions\/21549"}],"wp:attachment":[{"href":"https:\/\/www.chiesedisicilia.org\/chiesedisicilia\/news\/wp-json\/wp\/v2\/media?parent=3071"}],"wp:term":[{"taxonomy":"category","embeddable":true,"href":"https:\/\/www.chiesedisicilia.org\/chiesedisicilia\/news\/wp-json\/wp\/v2\/categories?post=3071"},{"taxonomy":"post_tag","embeddable":true,"href":"https:\/\/www.chiesedisicilia.org\/chiesedisicilia\/news\/wp-json\/wp\/v2\/tags?post=3071"},{"taxonomy":"news-destination","embeddable":true,"href":"https:\/\/www.chiesedisicilia.org\/chiesedisicilia\/news\/wp-json\/wp\/v2\/news-destination?post=3071"},{"taxonomy":"news-source","embeddable":true,"href":"https:\/\/www.chiesedisicilia.org\/chiesedisicilia\/news\/wp-json\/wp\/v2\/news-source?post=3071"},{"taxonomy":"is_homepage","embeddable":true,"href":"https:\/\/www.chiesedisicilia.org\/chiesedisicilia\/news\/wp-json\/wp\/v2\/is_homepage?post=3071"},{"taxonomy":"ta_other","embeddable":true,"href":"https:\/\/www.chiesedisicilia.org\/chiesedisicilia\/news\/wp-json\/wp\/v2\/ta_other?post=3071"}],"curies":[{"name":"wp","href":"https:\/\/api.w.org\/{rel}","templated":true}]}}