{"id":3069,"date":"2014-11-27T12:30:00","date_gmt":"2014-11-27T11:30:00","guid":{"rendered":"http:\/\/wptestsite.tecnavia.com\/chiesedisicilia_clientsite\/news\/2014\/11\/27\/noto-giovani-alla-luce-del-si-di-maria-e-di-ogni-battezzato\/"},"modified":"2018-11-12T07:58:08","modified_gmt":"2018-01-16T07:58:08","slug":"noto-giovani-alla-luce-del-si-di-maria-e-di-ogni-battezzato","status":"publish","type":"post","link":"https:\/\/www.chiesedisicilia.org\/2014\/11\/27\/noto-giovani-alla-luce-del-si-di-maria-e-di-ogni-battezzato\/","title":{"rendered":"NOTO. GIOVANI: &#8220;ALLA LUCE DEL S\u00cc DI MARIA E DI OGNI BATTEZZATO&#8221;"},"content":{"rendered":"<div><span style=\"font-size: medium;\"><span style=\"font-family: 'Times New Roman';\">Sabato 29 novembre, alle ore 19.30, dalla Villa comunale di Noto, prender\u00e0 il via il tradizionale appuntamento itinerante con la Veglia di Avvento dei giovani della Diocesi di Noto. Nel corso della prima parte della Veglia, ci si sposter\u00e0 fino alla Basilica Cattedrale. L\u00ec si concluder\u00e0 il momento di preghiera. \u201cUno, due, tre passi verso la bellezza&#8230;\u201d \u00e8 il tema scelto della Pastorale giovanile diocesana per il nuovo anno di attivit\u00e0, che racchiude in s\u00e9 la proposta pastorale della Chiesa locale per il prossimo triennio \u201cCon Ges\u00f9 lungo le strade dell\u2019uomo\u201d, in preparazione verso la GMG di Cracovia del 2016, che avr\u00e0 come tema le \u201cBeatitudini\u201d.  <\/span><\/span><\/div>\n<p class=\"MsoNoSpacing\"><span style=\"font-size: medium;\"><span style=\"font-family: 'Times New Roman';\">\u00a0La Veglia, &#8220;Alla luce del S\u00ec di Maria e di ogni battezzato&#8221;, avr\u00e0 una \u201ctestimone\u201d d\u2019eccezione: suor Maria Agnese del Buon Pastore, del Carmelo di Noto che lascer\u00e0 il suo convento raggiungendo i giovani, in occasione dell\u2019anno dedicato alla vita consacrata e nel V centenario della nascita di Santa Teresa d\u2019Avila.<\/span><\/span><span style=\"font-size:12.0pt;font-family:\" times=\"\" new=\"\"><o:p><\/o:p><\/span><\/p>\n<p class=\"MsoNoSpacing\"><span style=\"font-size: medium;\"><span style=\"font-family: 'Times New Roman';\">\u00a0Alla Veglia sar\u00e0 presente anche il Vescovo, mons. Antonio Satglian\u00f2, che consegner\u00e0 ai giovani della Diocesi la croce, quale segno di adesione a Cristo e di impegno nella testimonianza del Vangelo. [01]<\/span><\/span><span style=\"font-size:12.0pt;font-family:\" times=\"\" new=\"\"><o:p><\/o:p><\/span><\/p>\n","protected":false},"excerpt":{"rendered":"","protected":false},"author":1,"featured_media":0,"comment_status":"open","ping_status":"open","sticky":false,"template":"","format":"standard","meta":[],"categories":[30],"tags":[],"news-destination":[],"news-source":[],"is_homepage":[],"ta_other":[],"_links":{"self":[{"href":"https:\/\/www.chiesedisicilia.org\/chiesedisicilia\/news\/wp-json\/wp\/v2\/posts\/3069"}],"collection":[{"href":"https:\/\/www.chiesedisicilia.org\/chiesedisicilia\/news\/wp-json\/wp\/v2\/posts"}],"about":[{"href":"https:\/\/www.chiesedisicilia.org\/chiesedisicilia\/news\/wp-json\/wp\/v2\/types\/post"}],"author":[{"embeddable":true,"href":"https:\/\/www.chiesedisicilia.org\/chiesedisicilia\/news\/wp-json\/wp\/v2\/users\/1"}],"replies":[{"embeddable":true,"href":"https:\/\/www.chiesedisicilia.org\/chiesedisicilia\/news\/wp-json\/wp\/v2\/comments?post=3069"}],"version-history":[{"count":1,"href":"https:\/\/www.chiesedisicilia.org\/chiesedisicilia\/news\/wp-json\/wp\/v2\/posts\/3069\/revisions"}],"predecessor-version":[{"id":21547,"href":"https:\/\/www.chiesedisicilia.org\/chiesedisicilia\/news\/wp-json\/wp\/v2\/posts\/3069\/revisions\/21547"}],"wp:attachment":[{"href":"https:\/\/www.chiesedisicilia.org\/chiesedisicilia\/news\/wp-json\/wp\/v2\/media?parent=3069"}],"wp:term":[{"taxonomy":"category","embeddable":true,"href":"https:\/\/www.chiesedisicilia.org\/chiesedisicilia\/news\/wp-json\/wp\/v2\/categories?post=3069"},{"taxonomy":"post_tag","embeddable":true,"href":"https:\/\/www.chiesedisicilia.org\/chiesedisicilia\/news\/wp-json\/wp\/v2\/tags?post=3069"},{"taxonomy":"news-destination","embeddable":true,"href":"https:\/\/www.chiesedisicilia.org\/chiesedisicilia\/news\/wp-json\/wp\/v2\/news-destination?post=3069"},{"taxonomy":"news-source","embeddable":true,"href":"https:\/\/www.chiesedisicilia.org\/chiesedisicilia\/news\/wp-json\/wp\/v2\/news-source?post=3069"},{"taxonomy":"is_homepage","embeddable":true,"href":"https:\/\/www.chiesedisicilia.org\/chiesedisicilia\/news\/wp-json\/wp\/v2\/is_homepage?post=3069"},{"taxonomy":"ta_other","embeddable":true,"href":"https:\/\/www.chiesedisicilia.org\/chiesedisicilia\/news\/wp-json\/wp\/v2\/ta_other?post=3069"}],"curies":[{"name":"wp","href":"https:\/\/api.w.org\/{rel}","templated":true}]}}