{"id":3052,"date":"2014-05-08T17:06:00","date_gmt":"2014-05-08T15:06:00","guid":{"rendered":"http:\/\/wptestsite.tecnavia.com\/chiesedisicilia_clientsite\/news\/2014\/05\/08\/noto-a-donnalucata-la-nuova-chiesa-san-giorgio\/"},"modified":"2018-11-12T07:58:07","modified_gmt":"2018-01-16T07:58:07","slug":"noto-a-donnalucata-la-nuova-chiesa-san-giorgio","status":"publish","type":"post","link":"https:\/\/www.chiesedisicilia.org\/2014\/05\/08\/noto-a-donnalucata-la-nuova-chiesa-san-giorgio\/","title":{"rendered":"NOTO. A DONNALUCATA LA NUOVA CHIESA SAN GIORGIO"},"content":{"rendered":"<p class=\"MsoNoSpacing\"><span style=\"font-size: medium;\"><span style=\"font-family: 'Times New Roman';\"><span class=\"MsoSubtleEmphasis\"><span style=\"color: windowtext;\">Gioved\u00ec 8 maggio, a Donnalucata, alle ore 17,30, sar\u00e0 consacrata la nuova chiesa di San Giorgio, dove verr\u00e0 introdotto il culto di Nostra Signora di Guadalupe, tanto venerata in Messico e molto cara al Vescovo<\/span><\/span><span class=\"MsoSubtleEmphasis\"> m<\/span><span class=\"MsoSubtleEmphasis\"><span style=\"color: windowtext;\">ons. Antonio Staglian\u00f2.<\/span><\/span><\/span><\/span><span class=\"MsoSubtleEmphasis\"><span style=\"font-size: 12pt; font-family: 'Times New Roman', serif; color: windowtext;\"><o:p><\/o:p><\/span><\/span><\/p>\n<p class=\"MsoNoSpacing\"><span style=\"font-size: medium;\"><span style=\"font-family: 'Times New Roman';\"><span class=\"MsoSubtleEmphasis\"><span style=\"color: windowtext;\">\u00a0Il Rito della Dedicazione del nuovo tempio sacro, sar\u00e0 presieduto dal Cardinale Norberto Rivera Carrera, Arcivescovo di Citt\u00e0 del Messico e Primate del Messico. Concelebrer\u00e0 il nostro Vescovo Antonio. Gioia grande per gli abitanti di Donnalucata, che vedono realizzato questo progetto cos\u00ec agognato; un percorso quello della consacrazione del nuovo edificio di culto, che \u00e8 partito il 30 giugno del 2010, con la posa della prima pietra, da parte di Mons. Staglian\u00f2. \u201cCostruiamo il tempio della nostra umanit\u00e0\u201d: con queste parole, il Vescovo di Noto ha inaugurato e benedetto l\u2019inizio dei lavori della nuova chiesa, alla presenza del parroco di allora, Don Rosario Sultana, delle autorit\u00e0 civili e militari e di numerosi fedeli.<\/span><\/span><\/span><\/span><span class=\"MsoSubtleEmphasis\"><span style=\"font-size: 12pt; font-family: 'Times New Roman', serif; color: windowtext;\"><o:p><\/o:p><\/span><\/span><\/p>\n<p class=\"MsoNoSpacing\"><span style=\"font-size: medium;\"><span style=\"font-family: 'Times New Roman';\"><span class=\"MsoSubtleEmphasis\"><span style=\"color: windowtext;\">\u00a0\u201cLa Chiesa sar\u00e0 dedicata a San Giorgio &#8211; ci informa l\u2019amministratore parrocchiale don Nello Garofalo &#8211; la cui devozione nel territorio sciclitano ha origini molto antiche, che risalgono al XIV secolo. Il Signor Edmondo Riccotti La Rocca ha donato il terreno di C.da Cannamara per l&#8217;edificazione della nuova chiesa. Nell&#8217;atto di donazione il donatore ha dichiarato l&#8217;onore di intitolare il nuovo tempio a San Giorgio Martire, santo protettore della sua famiglia&#8221;.<\/span><\/span><\/span><\/span><span class=\"MsoSubtleEmphasis\"><span style=\"font-size: 12pt; font-family: 'Times New Roman', serif; color: windowtext;\"><o:p><\/o:p><\/span><\/span><\/p>\n<p class=\"MsoNoSpacing\"><span style=\"font-size: medium;\"><span style=\"font-family: 'Times New Roman';\"><span class=\"MsoSubtleEmphasis\"><span style=\"color: windowtext;\">Il progetto del nuovo tempio \u00e8 stato approvato e finanziato dopo diverse revisioni, al fine di essere conforme alle indicazioni che la Chiesa italiana prescrive ai progettisti per nuove chiese.<\/span><\/span><\/span><\/span><span class=\"MsoSubtleEmphasis\"><span style=\"font-size: 12pt; font-family: 'Times New Roman', serif; color: windowtext;\"><o:p><\/o:p><\/span><\/span><\/p>\n<p class=\"MsoNoSpacing\"><span style=\"font-size: medium;\"><span style=\"font-family: 'Times New Roman';\"><span class=\"MsoSubtleEmphasis\"><span style=\"color: windowtext;\">Mons. Staglian\u00f2 ha voluto introdurre nel nuovo tempio l&#8217;immagine della Vergine di Guadalupe affinch\u00e9 i fedeli imparando a conoscerla potessero amarla e venerarla.<\/span><\/span><span class=\"MsoSubtleEmphasis\"> [01]<\/span><\/span><\/span><span class=\"MsoSubtleEmphasis\"><span style=\"font-size: 12pt; font-family: 'Times New Roman', serif; color: windowtext;\"><o:p><\/o:p><\/span><\/span><\/p>\n","protected":false},"excerpt":{"rendered":"","protected":false},"author":1,"featured_media":0,"comment_status":"open","ping_status":"open","sticky":false,"template":"","format":"standard","meta":[],"categories":[30],"tags":[],"news-destination":[],"news-source":[],"is_homepage":[],"ta_other":[],"_links":{"self":[{"href":"https:\/\/www.chiesedisicilia.org\/chiesedisicilia\/news\/wp-json\/wp\/v2\/posts\/3052"}],"collection":[{"href":"https:\/\/www.chiesedisicilia.org\/chiesedisicilia\/news\/wp-json\/wp\/v2\/posts"}],"about":[{"href":"https:\/\/www.chiesedisicilia.org\/chiesedisicilia\/news\/wp-json\/wp\/v2\/types\/post"}],"author":[{"embeddable":true,"href":"https:\/\/www.chiesedisicilia.org\/chiesedisicilia\/news\/wp-json\/wp\/v2\/users\/1"}],"replies":[{"embeddable":true,"href":"https:\/\/www.chiesedisicilia.org\/chiesedisicilia\/news\/wp-json\/wp\/v2\/comments?post=3052"}],"version-history":[{"count":1,"href":"https:\/\/www.chiesedisicilia.org\/chiesedisicilia\/news\/wp-json\/wp\/v2\/posts\/3052\/revisions"}],"predecessor-version":[{"id":21530,"href":"https:\/\/www.chiesedisicilia.org\/chiesedisicilia\/news\/wp-json\/wp\/v2\/posts\/3052\/revisions\/21530"}],"wp:attachment":[{"href":"https:\/\/www.chiesedisicilia.org\/chiesedisicilia\/news\/wp-json\/wp\/v2\/media?parent=3052"}],"wp:term":[{"taxonomy":"category","embeddable":true,"href":"https:\/\/www.chiesedisicilia.org\/chiesedisicilia\/news\/wp-json\/wp\/v2\/categories?post=3052"},{"taxonomy":"post_tag","embeddable":true,"href":"https:\/\/www.chiesedisicilia.org\/chiesedisicilia\/news\/wp-json\/wp\/v2\/tags?post=3052"},{"taxonomy":"news-destination","embeddable":true,"href":"https:\/\/www.chiesedisicilia.org\/chiesedisicilia\/news\/wp-json\/wp\/v2\/news-destination?post=3052"},{"taxonomy":"news-source","embeddable":true,"href":"https:\/\/www.chiesedisicilia.org\/chiesedisicilia\/news\/wp-json\/wp\/v2\/news-source?post=3052"},{"taxonomy":"is_homepage","embeddable":true,"href":"https:\/\/www.chiesedisicilia.org\/chiesedisicilia\/news\/wp-json\/wp\/v2\/is_homepage?post=3052"},{"taxonomy":"ta_other","embeddable":true,"href":"https:\/\/www.chiesedisicilia.org\/chiesedisicilia\/news\/wp-json\/wp\/v2\/ta_other?post=3052"}],"curies":[{"name":"wp","href":"https:\/\/api.w.org\/{rel}","templated":true}]}}