{"id":3024,"date":"2013-02-15T18:11:00","date_gmt":"2013-02-15T17:11:00","guid":{"rendered":"http:\/\/wptestsite.tecnavia.com\/chiesedisicilia_clientsite\/news\/2013\/02\/15\/noto-venerdi-sera-al-seminario-allinsegna-della-preghiera\/"},"modified":"2018-11-12T07:58:07","modified_gmt":"2018-01-16T07:58:07","slug":"noto-venerdi-sera-al-seminario-allinsegna-della-preghiera","status":"publish","type":"post","link":"https:\/\/www.chiesedisicilia.org\/2013\/02\/15\/noto-venerdi-sera-al-seminario-allinsegna-della-preghiera\/","title":{"rendered":"NOTO. VENERDI\u2019 SERA AL SEMINARIO: ALL\u2019INSEGNA DELLA PREGHIERA"},"content":{"rendered":"<div>\n<p class=\"MsoNormal\" style=\"margin: 0cm 0cm 0pt\"><span style=\"font-family: 'Times New Roman','serif'; font-size: 12pt\">Gli alunni e i superiori del Seminario Vescovile, invitano i giovani a trascorrere con loro sei particolari venerd\u00ec sera in preghiera, per \u201cincontrare, ascoltare, conoscere, seguire, parlare e servire Ges\u00f9 Cristo\u201d. Questi sei \u201cvenerd\u00ec sera diversi dal solito\u201d saranno momenti di preghiera all\u2019insegna dell\u2019incontro con Ges\u00f9 Cristo, unico Signore e Maestro della nostra vita. La Basilica del SS. Salvatore di Noto ospiter\u00e0 questa serie di eventi nei sei venerd\u00ec del Tempo di Quaresima, quindi oggi, venerd\u00ec 15 febbraio, alle ore 21. Ogni sera la preghiera sar\u00e0 animata a partire da un tema diverso: \u201cNella notte per&#8230; IncontrarTi, AscoltarTi, ConoscerTi, SeguirTi, ParlarTi, ServirTi\u201d. [01] <o:p><\/o:p><\/span><\/p>\n<\/div>\n","protected":false},"excerpt":{"rendered":"","protected":false},"author":1,"featured_media":0,"comment_status":"open","ping_status":"open","sticky":false,"template":"","format":"standard","meta":[],"categories":[30],"tags":[],"news-destination":[],"news-source":[],"is_homepage":[],"ta_other":[],"_links":{"self":[{"href":"https:\/\/www.chiesedisicilia.org\/chiesedisicilia\/news\/wp-json\/wp\/v2\/posts\/3024"}],"collection":[{"href":"https:\/\/www.chiesedisicilia.org\/chiesedisicilia\/news\/wp-json\/wp\/v2\/posts"}],"about":[{"href":"https:\/\/www.chiesedisicilia.org\/chiesedisicilia\/news\/wp-json\/wp\/v2\/types\/post"}],"author":[{"embeddable":true,"href":"https:\/\/www.chiesedisicilia.org\/chiesedisicilia\/news\/wp-json\/wp\/v2\/users\/1"}],"replies":[{"embeddable":true,"href":"https:\/\/www.chiesedisicilia.org\/chiesedisicilia\/news\/wp-json\/wp\/v2\/comments?post=3024"}],"version-history":[{"count":1,"href":"https:\/\/www.chiesedisicilia.org\/chiesedisicilia\/news\/wp-json\/wp\/v2\/posts\/3024\/revisions"}],"predecessor-version":[{"id":21500,"href":"https:\/\/www.chiesedisicilia.org\/chiesedisicilia\/news\/wp-json\/wp\/v2\/posts\/3024\/revisions\/21500"}],"wp:attachment":[{"href":"https:\/\/www.chiesedisicilia.org\/chiesedisicilia\/news\/wp-json\/wp\/v2\/media?parent=3024"}],"wp:term":[{"taxonomy":"category","embeddable":true,"href":"https:\/\/www.chiesedisicilia.org\/chiesedisicilia\/news\/wp-json\/wp\/v2\/categories?post=3024"},{"taxonomy":"post_tag","embeddable":true,"href":"https:\/\/www.chiesedisicilia.org\/chiesedisicilia\/news\/wp-json\/wp\/v2\/tags?post=3024"},{"taxonomy":"news-destination","embeddable":true,"href":"https:\/\/www.chiesedisicilia.org\/chiesedisicilia\/news\/wp-json\/wp\/v2\/news-destination?post=3024"},{"taxonomy":"news-source","embeddable":true,"href":"https:\/\/www.chiesedisicilia.org\/chiesedisicilia\/news\/wp-json\/wp\/v2\/news-source?post=3024"},{"taxonomy":"is_homepage","embeddable":true,"href":"https:\/\/www.chiesedisicilia.org\/chiesedisicilia\/news\/wp-json\/wp\/v2\/is_homepage?post=3024"},{"taxonomy":"ta_other","embeddable":true,"href":"https:\/\/www.chiesedisicilia.org\/chiesedisicilia\/news\/wp-json\/wp\/v2\/ta_other?post=3024"}],"curies":[{"name":"wp","href":"https:\/\/api.w.org\/{rel}","templated":true}]}}