{"id":3023,"date":"2013-02-15T09:12:00","date_gmt":"2013-02-15T08:12:00","guid":{"rendered":"http:\/\/wptestsite.tecnavia.com\/chiesedisicilia_clientsite\/news\/2013\/02\/15\/noto-caritas-la-fede-senza-la-carita-e-un-albero-senza-radici\/"},"modified":"2018-11-12T07:58:07","modified_gmt":"2018-01-16T07:58:07","slug":"noto-caritas-la-fede-senza-la-carita-e-un-albero-senza-radici","status":"publish","type":"post","link":"https:\/\/www.chiesedisicilia.org\/2013\/02\/15\/noto-caritas-la-fede-senza-la-carita-e-un-albero-senza-radici\/","title":{"rendered":"NOTO. CARITAS: \u201cLA FEDE SENZA LA CARIT\u00c0 \u00c8 UN ALBERO SENZA RADICI\u201d"},"content":{"rendered":"<div>\n<p class=\"MsoNormal\" style=\"margin: 0cm 0cm 0pt\"><span style=\"font-family: 'Times New Roman','serif'; font-size: 12pt\"><o:p><span style=\"font-family: 'Times New Roman','serif'; font-size: 12pt\">Nel messaggio per la \u201cQuaresima nell&#8217;anno della fede&#8221; i<\/span><span style=\"font-family: 'Times New Roman','serif'; font-size: 12pt\">l Papa ricorda lo stretto legame tra fede e carit\u00e0. La carit\u00e0 senza la fede rischia di mancare di radici, la fede senza la carit\u00e0 \u00e8 un albero senza radici. Per questo la Caritas diocesana di Noto\u00a0propone in modo esemplare, dopo la liturgia delle Ceneri, di iniziare insieme questo tempo di grazia e di conversione salendo al \u201cmonte di Dio\u201d, invitando tutti e in modo particolare animatori Caritas e volontari, per il ritiro di Quaresima<\/span><i style=\"mso-bidi-font-style: normal\"><span style=\"font-family: 'Times New Roman','serif'; font-size: 12pt\">, <\/span><\/i><span style=\"font-family: 'Times New Roman','serif'; font-size: 12pt\">che si terr\u00e0 come di consueto dalle monache benedettine di Modica dalle ore 16,30 alle 19 di oggi, domenica 17 febbraio.\u00a0<\/span><span style=\"font-family: 'Times New Roman','serif'; font-size: 12pt\">Vi sar\u00e0 prima la meditazione di don Corrado Lorefice, che aiuter\u00e0 a leggere come segno dei tempi la crescente povert\u00e0, e quindi la preghiera del vespro insieme alle Monache benedettine. <o:p><\/o:p><\/span><\/o:p><\/span><\/p>\n<p class=\"MsoNormal\" style=\"margin: 0cm 0cm 0pt\"><span style=\"font-family: 'Times New Roman','serif'; font-size: 12pt\">\u201cPerch\u00e9 le radici diventino albero che d\u00e0 i frutti, la Caritas invita a coltivare nella Quaresima l&#8217;attenzione verso i pi\u00f9 deboli<\/span><span style=\"font-family: 'Times New Roman','serif'; font-size: 12pt\">. E questo in due modi \u2013 spiega Maurilio Assenza, direttore diocesano della Caritas di Noto &#8211; attraverso le sentinelle della misericordia,\u00a0<\/span><span style=\"font-family: 'Times New Roman','serif'; font-size: 12pt\">persone sagge e riconosciute dal parroco e dalla comunit\u00e0\u00a0che in tutti i quartieri siano capaci di accorgersi di chi ha bisogno e comunicarlo alla comunit\u00e0 soprattutto nella messa domenicale,\u00a0e attraverso una particolare attenzione ai diversamente abili,\u00a0<\/span><span style=\"font-family: 'Times New Roman','serif'; font-size: 12pt\"> perch\u00e9 nessuno di loro resti senza qualcuno che sostenga e dia una mano. La loro presenza a messa e nella catechesi \u2013 aggiunge &#8211; \u00e8 necessaria per la verit\u00e0 della nostra vita cristiana: dobbiamo accorgerci di loro se mancano, superare difficolt\u00e0 di integrazione, essere disponibili per accompagnare, ripensare la messa di tutti con linguaggi e gesti che la rendano a tutti comprensibile, superare eventuali disagi nella catechesi con ragionamenti e rimodulazioni che abbiamo il sapore del Vangelo\u201d.<o:p><\/o:p><\/span><\/p>\n<p class=\"MsoNormal\" style=\"margin: 0cm 0cm 0pt\"><span style=\"font-family: 'Times New Roman','serif'; font-size: 12pt\">Le proposte per la Quaresima di carit\u00e0 2013 diventano allora: trovare un momento in cui interrogarsi come comunit\u00e0 sull&#8217;accoglienza di ogni diversit\u00e0,<\/span><span style=\"font-family: 'Times New Roman','serif'; font-size: 12pt\"> magari in un contesto penitenziale in cui maturare passi concreti; una Via Crucis<\/span><i style=\"mso-bidi-font-style: normal\"><span style=\"font-family: 'Times New Roman','serif'; font-size: 12pt\"> <\/span><\/i><span style=\"font-family: 'Times New Roman','serif'; font-size: 12pt\">che raccolga tratti della passione del Signore, del suo dolore e del suo affidamento, che continua nel dolore e nell\u2019affidamento dei diversamente abili; preparare bene la colletta che\u00a0verr\u00e0 portata al Vescovo nella messa crismal, che quest&#8217;anno sar\u00e0 dedicata per met\u00e0 al MAli e per met\u00e0 ai segni di condivisione progettati per i diversamente abili, quali ad esempio l<\/span><span style=\"font-family: 'Times New Roman','serif'; font-size: 12pt\">a Casa Tobia, segno collegato alla Fondazione Madre Teresa voluta da Mons. Nicolosi; a Modica ci sono i Piccoli Fratelli e la Cooperativa Portogallo, che ha avviato da poco la fattoria didattica don Tonino Bello per il reinserimento dei diversamente abili; a Pachino l\u2019Agape ha avviato i lavori per il Dopo di noi, per il sostegno dei diversamente abili quando vengono a mancare i genitori; ad Avola ci sono i Superabili, con i loro laboratori e l\u2019inserimento attraverso lo sport; a livello diocesano l\u2019Unitalsi cura i pellegrinaggi ai santuari. [01] <o:p><\/o:p><\/span><\/p>\n<\/div>\n","protected":false},"excerpt":{"rendered":"","protected":false},"author":1,"featured_media":0,"comment_status":"open","ping_status":"open","sticky":false,"template":"","format":"standard","meta":[],"categories":[30],"tags":[],"news-destination":[],"news-source":[],"is_homepage":[],"ta_other":[],"_links":{"self":[{"href":"https:\/\/www.chiesedisicilia.org\/chiesedisicilia\/news\/wp-json\/wp\/v2\/posts\/3023"}],"collection":[{"href":"https:\/\/www.chiesedisicilia.org\/chiesedisicilia\/news\/wp-json\/wp\/v2\/posts"}],"about":[{"href":"https:\/\/www.chiesedisicilia.org\/chiesedisicilia\/news\/wp-json\/wp\/v2\/types\/post"}],"author":[{"embeddable":true,"href":"https:\/\/www.chiesedisicilia.org\/chiesedisicilia\/news\/wp-json\/wp\/v2\/users\/1"}],"replies":[{"embeddable":true,"href":"https:\/\/www.chiesedisicilia.org\/chiesedisicilia\/news\/wp-json\/wp\/v2\/comments?post=3023"}],"version-history":[{"count":1,"href":"https:\/\/www.chiesedisicilia.org\/chiesedisicilia\/news\/wp-json\/wp\/v2\/posts\/3023\/revisions"}],"predecessor-version":[{"id":21501,"href":"https:\/\/www.chiesedisicilia.org\/chiesedisicilia\/news\/wp-json\/wp\/v2\/posts\/3023\/revisions\/21501"}],"wp:attachment":[{"href":"https:\/\/www.chiesedisicilia.org\/chiesedisicilia\/news\/wp-json\/wp\/v2\/media?parent=3023"}],"wp:term":[{"taxonomy":"category","embeddable":true,"href":"https:\/\/www.chiesedisicilia.org\/chiesedisicilia\/news\/wp-json\/wp\/v2\/categories?post=3023"},{"taxonomy":"post_tag","embeddable":true,"href":"https:\/\/www.chiesedisicilia.org\/chiesedisicilia\/news\/wp-json\/wp\/v2\/tags?post=3023"},{"taxonomy":"news-destination","embeddable":true,"href":"https:\/\/www.chiesedisicilia.org\/chiesedisicilia\/news\/wp-json\/wp\/v2\/news-destination?post=3023"},{"taxonomy":"news-source","embeddable":true,"href":"https:\/\/www.chiesedisicilia.org\/chiesedisicilia\/news\/wp-json\/wp\/v2\/news-source?post=3023"},{"taxonomy":"is_homepage","embeddable":true,"href":"https:\/\/www.chiesedisicilia.org\/chiesedisicilia\/news\/wp-json\/wp\/v2\/is_homepage?post=3023"},{"taxonomy":"ta_other","embeddable":true,"href":"https:\/\/www.chiesedisicilia.org\/chiesedisicilia\/news\/wp-json\/wp\/v2\/ta_other?post=3023"}],"curies":[{"name":"wp","href":"https:\/\/api.w.org\/{rel}","templated":true}]}}