{"id":3021,"date":"2013-01-18T15:13:00","date_gmt":"2013-01-18T14:13:00","guid":{"rendered":"http:\/\/wptestsite.tecnavia.com\/chiesedisicilia_clientsite\/news\/2013\/01\/18\/noto-san-francesco-di-sales-i-giornalisti-incontrano-il-vescovo\/"},"modified":"2018-11-12T07:58:07","modified_gmt":"2018-01-16T07:58:07","slug":"noto-san-francesco-di-sales-i-giornalisti-incontrano-il-vescovo","status":"publish","type":"post","link":"https:\/\/www.chiesedisicilia.org\/2013\/01\/18\/noto-san-francesco-di-sales-i-giornalisti-incontrano-il-vescovo\/","title":{"rendered":"NOTO. SAN FRANCESCO DI SALES: I GIORNALISTI INCONTRANO IL VESCOVO"},"content":{"rendered":"<div>\n<p class=\"MsoNormal\" style=\"margin: 0cm 0cm 0pt\"><span style=\"font-family: 'Times New Roman','serif'; font-size: 12pt; mso-fareast-language: EN-US\">In occasione della festivit\u00e0 di S. Francesco di Sales, patrono dei giornalisti, oggi, gioved\u00ec 24 gennaio, l\u2019Ufficio per la Cultura e le Comunicazioni sociali insieme con il vescovo mons. Antonio Staglian\u00f2, ha invitato i giornalisti e tutti coloro che operano nel mondo dell\u2019informazione a condividere un momento di confronto sul tema: \u201cFar\u00f2 un\u2019alleanza con gli uccelli del cielo. Annuncio e social network\u201d. L\u2019inizio \u00e8 previsto alle 11, presso l\u2019Aula Magna del Seminario vescovile di Noto. Il primo intervento sar\u00e0 di don Fortunato Di Noto, presidente dell\u2019Associazione Meter. A mezzogiorno un breve momento di preghiera presieduto dal Vescovo mons. Staglian\u00f2. Al termine sar\u00e0 consegnato <\/span><span style=\"font-family: 'Times New Roman','serif'; font-size: 12pt; mso-fareast-language: EN-US\">ai presenti il messaggio del Santo Padre per la Giornata Mondiale delle Comunicazioni Sociali <\/span><span style=\"font-family: 'Times New Roman','serif'; font-size: 12pt; mso-fareast-language: EN-US\">che verr\u00e0 celebrata il 12 maggio 2013. Mons. Satglian\u00f2, all&#8217;interno Conferenza Episcopale Siciliana, \u00e8 Vescovo delegato per la Cultura e le Comunicazioni. [01]<o:p><\/o:p><\/span><\/p>\n<\/div>\n","protected":false},"excerpt":{"rendered":"","protected":false},"author":1,"featured_media":0,"comment_status":"open","ping_status":"open","sticky":false,"template":"","format":"standard","meta":[],"categories":[30],"tags":[],"news-destination":[],"news-source":[],"is_homepage":[],"ta_other":[],"_links":{"self":[{"href":"https:\/\/www.chiesedisicilia.org\/chiesedisicilia\/news\/wp-json\/wp\/v2\/posts\/3021"}],"collection":[{"href":"https:\/\/www.chiesedisicilia.org\/chiesedisicilia\/news\/wp-json\/wp\/v2\/posts"}],"about":[{"href":"https:\/\/www.chiesedisicilia.org\/chiesedisicilia\/news\/wp-json\/wp\/v2\/types\/post"}],"author":[{"embeddable":true,"href":"https:\/\/www.chiesedisicilia.org\/chiesedisicilia\/news\/wp-json\/wp\/v2\/users\/1"}],"replies":[{"embeddable":true,"href":"https:\/\/www.chiesedisicilia.org\/chiesedisicilia\/news\/wp-json\/wp\/v2\/comments?post=3021"}],"version-history":[{"count":1,"href":"https:\/\/www.chiesedisicilia.org\/chiesedisicilia\/news\/wp-json\/wp\/v2\/posts\/3021\/revisions"}],"predecessor-version":[{"id":21499,"href":"https:\/\/www.chiesedisicilia.org\/chiesedisicilia\/news\/wp-json\/wp\/v2\/posts\/3021\/revisions\/21499"}],"wp:attachment":[{"href":"https:\/\/www.chiesedisicilia.org\/chiesedisicilia\/news\/wp-json\/wp\/v2\/media?parent=3021"}],"wp:term":[{"taxonomy":"category","embeddable":true,"href":"https:\/\/www.chiesedisicilia.org\/chiesedisicilia\/news\/wp-json\/wp\/v2\/categories?post=3021"},{"taxonomy":"post_tag","embeddable":true,"href":"https:\/\/www.chiesedisicilia.org\/chiesedisicilia\/news\/wp-json\/wp\/v2\/tags?post=3021"},{"taxonomy":"news-destination","embeddable":true,"href":"https:\/\/www.chiesedisicilia.org\/chiesedisicilia\/news\/wp-json\/wp\/v2\/news-destination?post=3021"},{"taxonomy":"news-source","embeddable":true,"href":"https:\/\/www.chiesedisicilia.org\/chiesedisicilia\/news\/wp-json\/wp\/v2\/news-source?post=3021"},{"taxonomy":"is_homepage","embeddable":true,"href":"https:\/\/www.chiesedisicilia.org\/chiesedisicilia\/news\/wp-json\/wp\/v2\/is_homepage?post=3021"},{"taxonomy":"ta_other","embeddable":true,"href":"https:\/\/www.chiesedisicilia.org\/chiesedisicilia\/news\/wp-json\/wp\/v2\/ta_other?post=3021"}],"curies":[{"name":"wp","href":"https:\/\/api.w.org\/{rel}","templated":true}]}}