{"id":3009,"date":"2012-06-29T21:44:00","date_gmt":"2012-06-29T19:44:00","guid":{"rendered":"http:\/\/wptestsite.tecnavia.com\/chiesedisicilia_clientsite\/news\/2012\/06\/29\/noto-giovani-taggati-dallamore\/"},"modified":"2018-11-12T07:58:07","modified_gmt":"2018-01-16T07:58:07","slug":"noto-giovani-taggati-dallamore","status":"publish","type":"post","link":"https:\/\/www.chiesedisicilia.org\/2012\/06\/29\/noto-giovani-taggati-dallamore\/","title":{"rendered":"NOTO.  GIOVANI: \u201cTAGGATI DALL\u2019AMORE\u201d"},"content":{"rendered":"<div style=\"text-align: justify; \">I giovani della Diocesi si riuniranno oggi, sabato 30 giugno, ad Avola, per celebrare la Giornata diocesana a loro dedicata. L&#8217;appuntamento per la festa \u00e8 al Viale Giovanni Paolo II e a piazza Esedra, che costituiscono il luogo di ritrovo di  molti adolescenti e giovani avolesi nelle calde serate estive. Sar\u00e0 un susseguirsi di momenti di animazione, preghiera, festa. Una giornata, voluta e pensata, dall\u2019\u00e9quipe di pastorale giovanile, non come un evento isolato ma frutto di diversi momenti preparatori e &#8220;meta finale&#8221; di un percorso formativo in tre tappe, che ha coinvolto numerosi giovani della diocesi, non solo a livello parrocchiale o vicariale, ma persino quelli delle classi delle scuole medie superiori.  L\u2019evento si aprir\u00e0 alle 17 con la musica e proseguir\u00e0, alle 18, con la preghiera del vescovo, mons. Antonio Staglian\u00f2. Seguir\u00e0 un concerto con l&#8217;esecuzione di diversi brani musicali, inframmezzati da alcune testimonianze, a cura della Comunit\u00e0 Nuovi Orizzonti. Alle 20, l\u2019apertura Fontane di Luce. Sar\u00e0 possibile visitare in piazza Esedra gli stands adibiti per conoscere alcune delle varie realt\u00e0 attive nel territorio diocesano e per conoscere alcuni testimoni: la Societ\u00e0 dell&#8217;Allegria, che si occupa della prevenzione del disagio giovanile, seguendo gli insegnamenti di don Bosco; le Suore Adoratrici del SS. Sacramento e le Suore carmelitane, e ancora uno spazio dedicato a Sarah Calvano, giovane avolese morta all\u2019et\u00e0 di 19 anni e divenuta cara a molti per le pagine intense del suo diario, uno stand del Progetto Policoro, uno dell\u2019associazione Meter e dell\u2019MGS che si preoccuper\u00e0 di far conoscere la figura di Nino Baglieri, che ha fatto del suo calvario, vissuto con gioia e serenit\u00e0, un inno alla vita. Alle 20.30 la cena a sacco  e ancora musica, fino alle 22.30 quando, dopo la chiusura delle Fontane di Luce, sar\u00e0 celebrata la Santa Messa. \u201cVale la pena interrogarsi su cosa \u00e8 davvero importante per noi: su quali cose, su quali persone, su quali sogni stiamo scommettendo in questo momento la nostra vita \u2013 dice, commentando l\u2019appuntamento, il vescovo Staglian\u00f2 &#8211;  Occorre chiedersi, se, tutto ci\u00f2, sia davvero qualcosa per cui valga la pena spendersi. Allora questa giornata, preparata in un lungo periodo in cui i giovani si sono interrogati nei gruppi diventa l\u2019occasione che ci viene data dal Signore per scoprire l\u2019importanza e l\u2019immenso valore umano e trascendente dell\u2019amore dato e ricevuto\u201d. \u201cLa tematica di quest\u2019anno, proposta dal Centro Nazionale vocazioni e che, come Pastorale Giovanile Vocazionale Diocesana, abbiamo fatto nostra \u00e8: \u201cRispondere all\u2019Amore si pu\u00f2\u201d. Abbiamo voluto riformularla . si legge in una nota stampa dell\u2019Ufficio diocesano per la Pastorale giovanile vocazionale &#8211;  con un linguaggio ormai molto comune a voi giovani: \u201cTaggati dall\u2019Amore\u201d. \u201cTaggare\u201d nel web significa \u201ctestimoniare\u201d, cio\u00e8 sottolineare il legame con una persona, scelta liberamente tra i propri \u201ccontatti\u201d in una foto o in un particolare link\u2026 Ed \u00e9\u2019 cos\u00ec che pensiamo il legame con Colui che sin dall\u2019eternit\u00e0 ci ha creati, \u201cTaggati\u201d, cercati e segnati dal Suo Amore gratuitamente &#8211; interessato che ci fa sentire ci\u00f2 che siamo: AMATI DA LUI. Allora in questa Festa diocesana dei giovani &#8211; alla quale ci siamo preparati attraverso i due percorsi educativi (adolescenti e giovani) proposti dalla nostra Equipe di Pgv &#8211; vogliamo gustare, insieme, tutta la bellezza del nostro essere fragili vasi di creta, scelti per custodire e condividere la preziosit\u00e0 del Tesoro che portiamo\u201d. [01]<\/div>\n<div>\u00a0<\/div>\n","protected":false},"excerpt":{"rendered":"","protected":false},"author":1,"featured_media":0,"comment_status":"open","ping_status":"open","sticky":false,"template":"","format":"standard","meta":[],"categories":[30],"tags":[],"news-destination":[],"news-source":[],"is_homepage":[],"ta_other":[],"_links":{"self":[{"href":"https:\/\/www.chiesedisicilia.org\/chiesedisicilia\/news\/wp-json\/wp\/v2\/posts\/3009"}],"collection":[{"href":"https:\/\/www.chiesedisicilia.org\/chiesedisicilia\/news\/wp-json\/wp\/v2\/posts"}],"about":[{"href":"https:\/\/www.chiesedisicilia.org\/chiesedisicilia\/news\/wp-json\/wp\/v2\/types\/post"}],"author":[{"embeddable":true,"href":"https:\/\/www.chiesedisicilia.org\/chiesedisicilia\/news\/wp-json\/wp\/v2\/users\/1"}],"replies":[{"embeddable":true,"href":"https:\/\/www.chiesedisicilia.org\/chiesedisicilia\/news\/wp-json\/wp\/v2\/comments?post=3009"}],"version-history":[{"count":1,"href":"https:\/\/www.chiesedisicilia.org\/chiesedisicilia\/news\/wp-json\/wp\/v2\/posts\/3009\/revisions"}],"predecessor-version":[{"id":21485,"href":"https:\/\/www.chiesedisicilia.org\/chiesedisicilia\/news\/wp-json\/wp\/v2\/posts\/3009\/revisions\/21485"}],"wp:attachment":[{"href":"https:\/\/www.chiesedisicilia.org\/chiesedisicilia\/news\/wp-json\/wp\/v2\/media?parent=3009"}],"wp:term":[{"taxonomy":"category","embeddable":true,"href":"https:\/\/www.chiesedisicilia.org\/chiesedisicilia\/news\/wp-json\/wp\/v2\/categories?post=3009"},{"taxonomy":"post_tag","embeddable":true,"href":"https:\/\/www.chiesedisicilia.org\/chiesedisicilia\/news\/wp-json\/wp\/v2\/tags?post=3009"},{"taxonomy":"news-destination","embeddable":true,"href":"https:\/\/www.chiesedisicilia.org\/chiesedisicilia\/news\/wp-json\/wp\/v2\/news-destination?post=3009"},{"taxonomy":"news-source","embeddable":true,"href":"https:\/\/www.chiesedisicilia.org\/chiesedisicilia\/news\/wp-json\/wp\/v2\/news-source?post=3009"},{"taxonomy":"is_homepage","embeddable":true,"href":"https:\/\/www.chiesedisicilia.org\/chiesedisicilia\/news\/wp-json\/wp\/v2\/is_homepage?post=3009"},{"taxonomy":"ta_other","embeddable":true,"href":"https:\/\/www.chiesedisicilia.org\/chiesedisicilia\/news\/wp-json\/wp\/v2\/ta_other?post=3009"}],"curies":[{"name":"wp","href":"https:\/\/api.w.org\/{rel}","templated":true}]}}