{"id":3000,"date":"2011-12-06T19:40:00","date_gmt":"2011-12-06T18:40:00","guid":{"rendered":"http:\/\/wptestsite.tecnavia.com\/chiesedisicilia_clientsite\/news\/2011\/12\/06\/noto-progetto-policoro-pane-lavoro-e-liberta\/"},"modified":"2018-11-12T07:58:07","modified_gmt":"2018-01-16T07:58:07","slug":"noto-progetto-policoro-pane-lavoro-e-liberta","status":"publish","type":"post","link":"https:\/\/www.chiesedisicilia.org\/2011\/12\/06\/noto-progetto-policoro-pane-lavoro-e-liberta\/","title":{"rendered":"NOTO. PROGETTO POLICORO: &#8220;PANE, LAVORO  E LIBERTA'&#8221;"},"content":{"rendered":"<div>\n<div>\u00a0<\/div>\n<div style=\"text-align: justify\">Si terr\u00e0 oggi, venerd\u00ec 9 dicembre, alle 18, nell\u2019aula magna del seminario vescovile di Noto, in via Gioberti 2, il convegno diocesano \u201cPane, lavoro e libert\u00e0: il Progetto Policoro nella diocesi di Noto\u201d. Il convegno, organizzato dal Centro servizi diocesano del Progetto Policoro e sostenuto dall\u2019Ufficio diocesano per i Problemi sociali e il lavoro, dal Servizio diocesano per la Pastorale giovanile e dalla Caritas diocesana, ha lo scopo di promuovere sul territorio questo progetto organico della Chiesa italiana che tenta di dare risposta concreta al problema della disoccupazione in Italia. \u201cSi vuole affrontare il problema della disoccupazione giovanile, attivando iniziative di formazione a una nuova cultura del lavoro, promuovendo e sostenendo l\u2019imprenditorialit\u00e0 giovanile e costruendo rapporti di reciprocit\u00e0 e sostegno tra le Chiese del Nord e quelle del Sud \u2013 spiegano gli organizzatori &#8211; potendo contare sulla fattiva collaborazione di aggregazioni laicali che si ispirano all\u2019insegnamento sociale della Chiesa. L\u2019intuizione fondamentale del Progetto Policoro \u2013 aggiungono &#8211; \u00e8 il lavorare insieme di diversi soggetti (ecclesiali, associativi, istituzionali) attorno allo stesso problema (la disoccupazione) nell\u2019ottica dell\u2019attenzione alla persona e alla societ\u00e0 per un loro autentico sviluppo nella solidariet\u00e0, sussidiariet\u00e0 e reciprocit\u00e0 tra le Chiese del Nord Italia e del Sud Italia\u201d. Saranno presenti ai lavori: il direttore nazionale della Pastorale Sociale e del Lavoro Don Angelo Casile, Giancarlo Cursi, delegato dalla Caritas Italiana per la formazione degli Animatori di Comunit\u00e0 del Progetto Policoro, e Maurilio Assenza, direttore della Caritas diocesana. [01]<\/div>\n<div>\u00a0<\/div>\n<\/div>\n","protected":false},"excerpt":{"rendered":"","protected":false},"author":1,"featured_media":0,"comment_status":"open","ping_status":"open","sticky":false,"template":"","format":"standard","meta":[],"categories":[30],"tags":[],"news-destination":[],"news-source":[],"is_homepage":[],"ta_other":[],"_links":{"self":[{"href":"https:\/\/www.chiesedisicilia.org\/chiesedisicilia\/news\/wp-json\/wp\/v2\/posts\/3000"}],"collection":[{"href":"https:\/\/www.chiesedisicilia.org\/chiesedisicilia\/news\/wp-json\/wp\/v2\/posts"}],"about":[{"href":"https:\/\/www.chiesedisicilia.org\/chiesedisicilia\/news\/wp-json\/wp\/v2\/types\/post"}],"author":[{"embeddable":true,"href":"https:\/\/www.chiesedisicilia.org\/chiesedisicilia\/news\/wp-json\/wp\/v2\/users\/1"}],"replies":[{"embeddable":true,"href":"https:\/\/www.chiesedisicilia.org\/chiesedisicilia\/news\/wp-json\/wp\/v2\/comments?post=3000"}],"version-history":[{"count":1,"href":"https:\/\/www.chiesedisicilia.org\/chiesedisicilia\/news\/wp-json\/wp\/v2\/posts\/3000\/revisions"}],"predecessor-version":[{"id":21478,"href":"https:\/\/www.chiesedisicilia.org\/chiesedisicilia\/news\/wp-json\/wp\/v2\/posts\/3000\/revisions\/21478"}],"wp:attachment":[{"href":"https:\/\/www.chiesedisicilia.org\/chiesedisicilia\/news\/wp-json\/wp\/v2\/media?parent=3000"}],"wp:term":[{"taxonomy":"category","embeddable":true,"href":"https:\/\/www.chiesedisicilia.org\/chiesedisicilia\/news\/wp-json\/wp\/v2\/categories?post=3000"},{"taxonomy":"post_tag","embeddable":true,"href":"https:\/\/www.chiesedisicilia.org\/chiesedisicilia\/news\/wp-json\/wp\/v2\/tags?post=3000"},{"taxonomy":"news-destination","embeddable":true,"href":"https:\/\/www.chiesedisicilia.org\/chiesedisicilia\/news\/wp-json\/wp\/v2\/news-destination?post=3000"},{"taxonomy":"news-source","embeddable":true,"href":"https:\/\/www.chiesedisicilia.org\/chiesedisicilia\/news\/wp-json\/wp\/v2\/news-source?post=3000"},{"taxonomy":"is_homepage","embeddable":true,"href":"https:\/\/www.chiesedisicilia.org\/chiesedisicilia\/news\/wp-json\/wp\/v2\/is_homepage?post=3000"},{"taxonomy":"ta_other","embeddable":true,"href":"https:\/\/www.chiesedisicilia.org\/chiesedisicilia\/news\/wp-json\/wp\/v2\/ta_other?post=3000"}],"curies":[{"name":"wp","href":"https:\/\/api.w.org\/{rel}","templated":true}]}}