{"id":2999,"date":"2011-11-11T19:12:00","date_gmt":"2011-11-11T18:12:00","guid":{"rendered":"http:\/\/wptestsite.tecnavia.com\/chiesedisicilia_clientsite\/news\/2011\/11\/11\/noto-educare-oggi-fatica-e-bellezza-fragilita-e-risorse\/"},"modified":"2018-11-12T07:58:07","modified_gmt":"2018-01-16T07:58:07","slug":"noto-educare-oggi-fatica-e-bellezza-fragilita-e-risorse","status":"publish","type":"post","link":"https:\/\/www.chiesedisicilia.org\/2011\/11\/11\/noto-educare-oggi-fatica-e-bellezza-fragilita-e-risorse\/","title":{"rendered":"NOTO. &#8220;EDUCARE OGGI: FATICA E BELLEZZA. FRAGILITA&#8217; E RISORSE&#8221;"},"content":{"rendered":"<div>\n<div>\u00a0<\/div>\n<div style=\"text-align: justify\">L\u2019intero vicariato di Scicli sar\u00e0 impegnato oggi, mercoled\u00ec 16 novembre, nel salone della parrocchia di Fatima, alle 20, in un incontro per educatori, genitori e catechisti. \u201cEducare oggi: fatica e bellezza, secondo il documento dei Vescovi italiani\u201d, \u00e8 il titolo dato all\u2019incontro che sar\u00e0 guidato da Ezio Aceti, esperto di psicologia della disabilit\u00e0, psicologia scolastica e mediazione in ambito familiare. \u201cSi tratta di un\u2019occasione importante \u2013 evidenziano dal Vicariato di Scicli &#8211; perch\u00e9 si affronter\u00e0 un argomento di grande attualit\u00e0 come quello dell\u2019educazione, attraverso la testimonianza di un operatore che tratter\u00e0 il delicato tema in una prospettiva cristiana\u201d. Domani, marted\u00ec 29 novembre seguir\u00e0 un secondo incontro, tenuto sempre dallo stesso relatore, sul tema \u201cAdolescenza Oggi: fragilit\u00e0 e risorse\u201d. [01]<\/div>\n<div style=\"text-align: justify\">\u00a0<\/div>\n<div>\u00a0<\/div>\n<\/div>\n","protected":false},"excerpt":{"rendered":"","protected":false},"author":1,"featured_media":0,"comment_status":"open","ping_status":"open","sticky":false,"template":"","format":"standard","meta":[],"categories":[30],"tags":[],"news-destination":[],"news-source":[],"is_homepage":[],"ta_other":[],"_links":{"self":[{"href":"https:\/\/www.chiesedisicilia.org\/chiesedisicilia\/news\/wp-json\/wp\/v2\/posts\/2999"}],"collection":[{"href":"https:\/\/www.chiesedisicilia.org\/chiesedisicilia\/news\/wp-json\/wp\/v2\/posts"}],"about":[{"href":"https:\/\/www.chiesedisicilia.org\/chiesedisicilia\/news\/wp-json\/wp\/v2\/types\/post"}],"author":[{"embeddable":true,"href":"https:\/\/www.chiesedisicilia.org\/chiesedisicilia\/news\/wp-json\/wp\/v2\/users\/1"}],"replies":[{"embeddable":true,"href":"https:\/\/www.chiesedisicilia.org\/chiesedisicilia\/news\/wp-json\/wp\/v2\/comments?post=2999"}],"version-history":[{"count":1,"href":"https:\/\/www.chiesedisicilia.org\/chiesedisicilia\/news\/wp-json\/wp\/v2\/posts\/2999\/revisions"}],"predecessor-version":[{"id":21477,"href":"https:\/\/www.chiesedisicilia.org\/chiesedisicilia\/news\/wp-json\/wp\/v2\/posts\/2999\/revisions\/21477"}],"wp:attachment":[{"href":"https:\/\/www.chiesedisicilia.org\/chiesedisicilia\/news\/wp-json\/wp\/v2\/media?parent=2999"}],"wp:term":[{"taxonomy":"category","embeddable":true,"href":"https:\/\/www.chiesedisicilia.org\/chiesedisicilia\/news\/wp-json\/wp\/v2\/categories?post=2999"},{"taxonomy":"post_tag","embeddable":true,"href":"https:\/\/www.chiesedisicilia.org\/chiesedisicilia\/news\/wp-json\/wp\/v2\/tags?post=2999"},{"taxonomy":"news-destination","embeddable":true,"href":"https:\/\/www.chiesedisicilia.org\/chiesedisicilia\/news\/wp-json\/wp\/v2\/news-destination?post=2999"},{"taxonomy":"news-source","embeddable":true,"href":"https:\/\/www.chiesedisicilia.org\/chiesedisicilia\/news\/wp-json\/wp\/v2\/news-source?post=2999"},{"taxonomy":"is_homepage","embeddable":true,"href":"https:\/\/www.chiesedisicilia.org\/chiesedisicilia\/news\/wp-json\/wp\/v2\/is_homepage?post=2999"},{"taxonomy":"ta_other","embeddable":true,"href":"https:\/\/www.chiesedisicilia.org\/chiesedisicilia\/news\/wp-json\/wp\/v2\/ta_other?post=2999"}],"curies":[{"name":"wp","href":"https:\/\/api.w.org\/{rel}","templated":true}]}}