{"id":2998,"date":"2011-10-25T14:03:00","date_gmt":"2011-10-25T12:03:00","guid":{"rendered":"http:\/\/wptestsite.tecnavia.com\/chiesedisicilia_clientsite\/news\/2011\/10\/25\/noto-una-via-intitolata-a-don-pino-puiglisi\/"},"modified":"2018-11-12T07:58:07","modified_gmt":"2018-01-16T07:58:07","slug":"noto-una-via-intitolata-a-don-pino-puiglisi","status":"publish","type":"post","link":"https:\/\/www.chiesedisicilia.org\/2011\/10\/25\/noto-una-via-intitolata-a-don-pino-puiglisi\/","title":{"rendered":"NOTO. UNA VIA INTITOLATA A DON PINO PUIGLISI"},"content":{"rendered":"<div>\n<div>\u00a0<\/div>\n<div style=\"text-align: justify\">Nel 21\u00b0 anniversario dell&#8217;apertura della Casa in cui si accoglie nel ricordo di don Pino Puglisi a Modica, verr\u00e0 intitolata anche una via al Servo di Dio palermitano. Nel nome di don Puglisi, dopo la Casa di accoglienza per mamme e bambini, si \u00e8 avviato, infatti, da poco pi\u00f9 di un anno il cantiere educativo &#8220;Crisci ranni&#8221; nell&#8217;area attrezzata Padre Basile alla Fontana di Modica, cantiere ove si fanno doposcuola, attivit\u00e0 sportive, laboratori espressivi e teatrali, quest&#8217;anno con una particolare attenzione al dialogo tra le generazioni, con la prospettiva di spazi pure per gli anziani e per le famiglie oltre che per i bambini e per i giovani. La via don Puglisi avr\u00e0 questo nome a partire da oggi, gioved\u00ec 27 ottobre. Alle 19 nel salone della Casa al civico 14 di via Carlo Papa, \u00e8 in programma una celebrazione dell\u2019Eucaristia presieduta dal vescovo mons. Antonio Staglian\u00f2. Subito dopo ci si sposter\u00e0 all&#8217;inizio di via Pozzo Barone per l&#8217;inaugurazione vera e propria. [01]<\/div>\n<div>\u00a0<\/div>\n<\/div>\n","protected":false},"excerpt":{"rendered":"","protected":false},"author":1,"featured_media":0,"comment_status":"open","ping_status":"open","sticky":false,"template":"","format":"standard","meta":[],"categories":[30],"tags":[],"news-destination":[],"news-source":[],"is_homepage":[],"ta_other":[],"_links":{"self":[{"href":"https:\/\/www.chiesedisicilia.org\/chiesedisicilia\/news\/wp-json\/wp\/v2\/posts\/2998"}],"collection":[{"href":"https:\/\/www.chiesedisicilia.org\/chiesedisicilia\/news\/wp-json\/wp\/v2\/posts"}],"about":[{"href":"https:\/\/www.chiesedisicilia.org\/chiesedisicilia\/news\/wp-json\/wp\/v2\/types\/post"}],"author":[{"embeddable":true,"href":"https:\/\/www.chiesedisicilia.org\/chiesedisicilia\/news\/wp-json\/wp\/v2\/users\/1"}],"replies":[{"embeddable":true,"href":"https:\/\/www.chiesedisicilia.org\/chiesedisicilia\/news\/wp-json\/wp\/v2\/comments?post=2998"}],"version-history":[{"count":1,"href":"https:\/\/www.chiesedisicilia.org\/chiesedisicilia\/news\/wp-json\/wp\/v2\/posts\/2998\/revisions"}],"predecessor-version":[{"id":21474,"href":"https:\/\/www.chiesedisicilia.org\/chiesedisicilia\/news\/wp-json\/wp\/v2\/posts\/2998\/revisions\/21474"}],"wp:attachment":[{"href":"https:\/\/www.chiesedisicilia.org\/chiesedisicilia\/news\/wp-json\/wp\/v2\/media?parent=2998"}],"wp:term":[{"taxonomy":"category","embeddable":true,"href":"https:\/\/www.chiesedisicilia.org\/chiesedisicilia\/news\/wp-json\/wp\/v2\/categories?post=2998"},{"taxonomy":"post_tag","embeddable":true,"href":"https:\/\/www.chiesedisicilia.org\/chiesedisicilia\/news\/wp-json\/wp\/v2\/tags?post=2998"},{"taxonomy":"news-destination","embeddable":true,"href":"https:\/\/www.chiesedisicilia.org\/chiesedisicilia\/news\/wp-json\/wp\/v2\/news-destination?post=2998"},{"taxonomy":"news-source","embeddable":true,"href":"https:\/\/www.chiesedisicilia.org\/chiesedisicilia\/news\/wp-json\/wp\/v2\/news-source?post=2998"},{"taxonomy":"is_homepage","embeddable":true,"href":"https:\/\/www.chiesedisicilia.org\/chiesedisicilia\/news\/wp-json\/wp\/v2\/is_homepage?post=2998"},{"taxonomy":"ta_other","embeddable":true,"href":"https:\/\/www.chiesedisicilia.org\/chiesedisicilia\/news\/wp-json\/wp\/v2\/ta_other?post=2998"}],"curies":[{"name":"wp","href":"https:\/\/api.w.org\/{rel}","templated":true}]}}