{"id":2951,"date":"2013-12-09T14:18:00","date_gmt":"2013-12-09T13:18:00","guid":{"rendered":"http:\/\/wptestsite.tecnavia.com\/chiesedisicilia_clientsite\/news\/2013\/12\/09\/nicosia-parola-parole-immagini-e-suoni-educare-alla-comunione-2\/"},"modified":"2018-11-12T07:58:06","modified_gmt":"2018-01-16T07:58:06","slug":"nicosia-parola-parole-immagini-e-suoni-educare-alla-comunione-2","status":"publish","type":"post","link":"https:\/\/www.chiesedisicilia.org\/2013\/12\/09\/nicosia-parola-parole-immagini-e-suoni-educare-alla-comunione-2\/","title":{"rendered":"NICOSIA. &#8220;PAROLA&#8230;PAROLE, IMMAGINI E SUONI. EDUCARE ALLA COMUNIONE&#8221;"},"content":{"rendered":"<div>\u00a0\u201cPAROLA. . .parole, immagini e suoni. Educare alla Comunione\u201d \u00e8 il titolo della 3<sup>a<\/sup> Festa Diocesana delle Comunicazione Sociali e della Cultura che si aprir\u00e0 Venerd\u00ec 13 Dicembre 2013 a Nicosia(En). L\u2019iniziativa, voluta ed organizzata dall\u2019Ufficio diocesano Comunicazioni Sociali in collaborazione con l\u2019Ufficio diocesano per la Cultura, \u00e8 risposta alle sollecitazioni di mons. Muratore, Vescovo della diocesi, che pi\u00f9 volte ha sottolineato la necessit\u00e0 di \u00a0\u201cfare un\u2019alleanza positiva con i mezzi di comunicazione sociale\u201d .<\/div>\n<div>\u00a0<\/div>\n<div>\u201cLa scelta  del tema \u2013 dice Michele Li Pira, Direttore dell\u2019Ufficio diocesano Comunicazioni Sociali &#8211; \u00e8 stata dettata   per   una sottolineatura del fatto che oltre 2000 anni di buona notizia hanno impregnato e orientato evangelicamente il mondo molto, di pi\u00f9 di quello che potrebbe sembrare da un punto di vista strettamente ecclesiale. Accostare la Parola alle correnti di pensiero, al cinema, alla musica e alle altre forme di espressione del nostro tempo serve a nutrire la certezza che abbiamo costantemente bisogno, dinanzi a facili scoraggiamenti, di aprire gli occhi sulla forza dello Spirito che lavora nel cuore di tanti uomini e di tante donne che consideriamo spesso distanti dal Vangelo solo perch\u00e8 lontani dagli ambienti ecclesiali\u201d. \u201cScopo della Festa \u2013 ha aggiunto Michele Li Pira &#8211;  \u00e8 comunicare la bellezza della condivisione e del lavoro comune e per questo motivo inaugura anche una stretta collaborazione sinergica  tra due Uffici: &#8211; il Servizio per la Comunicazione sociale e il Servizio diocesano per la Cultura\u201d.<\/div>\n<div>\u00a0<\/div>\n<div>La   3<sup> a<\/sup> Festa Diocesana delle Comunicazioni Sociali e della Cultura  si aprir\u00e0 gi\u00e0 venerd\u00ec 13 dicembre , alle ore 20:00 presso la Chiesa di S.Filippo Neri, con la proiezione del film \u201cIL VILLAGGIO DI CARTONE\u201d di Ermanno Olmi.<\/div>\n<div>&#8211;  Sabato 14 dicembre, alle ore 16.00, presso la Chiesa di S.Filippo Neri,  ADORAZIONE EUCARISTICA con la let-tura continua del Libro degli ATTI DEGLI APOSTOLI, con la partecipazione di S.E.Mons. Salvatore Muratore;\u00a0alle ore 20:00, presso la stessa Chiesa di S.Filippo Neri,avr\u00e0  luogo la rappresentazione canora \u201c GLI ALTRI SIAMO NOI\u201d, a cura dei Cori Parrocchiali di Nicosia.<\/div>\n<div>\u00a0<\/div>\n<div>&#8211; Domenica 15 dicembre, alle ore 19.00, presso il Salone del Palazzo Vescovile, trasmesso in diretta Web per tutti i paesi della Diocesi, Incontro dibattito con don Fortunato di Noto (fondatore e presidente dell\u2019Associazione METER ONLUS) sul tema \u201dNELL\u2019ERA DIGITALE\u2026 CRESCEVA E SI FORTIFICAVA. La vita non \u00e8 solo un touchscreen.Abuso ed opportunit\u00e0\u201d. L\u2019incontro inaugura il percorso che quest&#8217;anno sar\u00e0 dedicato all&#8217;alfabetizzazione delle famiglie e degli educatori nei confronti del Web 2.0.\u00a0<\/div>\n<div>\u00a0<\/div>\n<div>\u00a0<\/div>\n<div>\u00a0<\/div>\n","protected":false},"excerpt":{"rendered":"","protected":false},"author":1,"featured_media":0,"comment_status":"open","ping_status":"open","sticky":false,"template":"","format":"standard","meta":[],"categories":[30],"tags":[],"news-destination":[],"news-source":[],"is_homepage":[],"ta_other":[],"_links":{"self":[{"href":"https:\/\/www.chiesedisicilia.org\/chiesedisicilia\/news\/wp-json\/wp\/v2\/posts\/2951"}],"collection":[{"href":"https:\/\/www.chiesedisicilia.org\/chiesedisicilia\/news\/wp-json\/wp\/v2\/posts"}],"about":[{"href":"https:\/\/www.chiesedisicilia.org\/chiesedisicilia\/news\/wp-json\/wp\/v2\/types\/post"}],"author":[{"embeddable":true,"href":"https:\/\/www.chiesedisicilia.org\/chiesedisicilia\/news\/wp-json\/wp\/v2\/users\/1"}],"replies":[{"embeddable":true,"href":"https:\/\/www.chiesedisicilia.org\/chiesedisicilia\/news\/wp-json\/wp\/v2\/comments?post=2951"}],"version-history":[{"count":1,"href":"https:\/\/www.chiesedisicilia.org\/chiesedisicilia\/news\/wp-json\/wp\/v2\/posts\/2951\/revisions"}],"predecessor-version":[{"id":21431,"href":"https:\/\/www.chiesedisicilia.org\/chiesedisicilia\/news\/wp-json\/wp\/v2\/posts\/2951\/revisions\/21431"}],"wp:attachment":[{"href":"https:\/\/www.chiesedisicilia.org\/chiesedisicilia\/news\/wp-json\/wp\/v2\/media?parent=2951"}],"wp:term":[{"taxonomy":"category","embeddable":true,"href":"https:\/\/www.chiesedisicilia.org\/chiesedisicilia\/news\/wp-json\/wp\/v2\/categories?post=2951"},{"taxonomy":"post_tag","embeddable":true,"href":"https:\/\/www.chiesedisicilia.org\/chiesedisicilia\/news\/wp-json\/wp\/v2\/tags?post=2951"},{"taxonomy":"news-destination","embeddable":true,"href":"https:\/\/www.chiesedisicilia.org\/chiesedisicilia\/news\/wp-json\/wp\/v2\/news-destination?post=2951"},{"taxonomy":"news-source","embeddable":true,"href":"https:\/\/www.chiesedisicilia.org\/chiesedisicilia\/news\/wp-json\/wp\/v2\/news-source?post=2951"},{"taxonomy":"is_homepage","embeddable":true,"href":"https:\/\/www.chiesedisicilia.org\/chiesedisicilia\/news\/wp-json\/wp\/v2\/is_homepage?post=2951"},{"taxonomy":"ta_other","embeddable":true,"href":"https:\/\/www.chiesedisicilia.org\/chiesedisicilia\/news\/wp-json\/wp\/v2\/ta_other?post=2951"}],"curies":[{"name":"wp","href":"https:\/\/api.w.org\/{rel}","templated":true}]}}