{"id":2940,"date":"2011-11-25T18:46:00","date_gmt":"2011-11-25T17:46:00","guid":{"rendered":"http:\/\/wptestsite.tecnavia.com\/chiesedisicilia_clientsite\/news\/2011\/11\/25\/nicosia-festa-diocesana-della-comunicazione-prima-edizione\/"},"modified":"2018-11-12T07:58:06","modified_gmt":"2018-01-16T07:58:06","slug":"nicosia-festa-diocesana-della-comunicazione-prima-edizione","status":"publish","type":"post","link":"https:\/\/www.chiesedisicilia.org\/2011\/11\/25\/nicosia-festa-diocesana-della-comunicazione-prima-edizione\/","title":{"rendered":"NICOSIA. FESTA DIOCESANA DELLA COMUNICAZIONE: PRIMA EDIZIONE"},"content":{"rendered":"<div>\n<div>\u00a0<\/div>\n<div>\u00a0<\/div>\n<div style=\"text-align: justify\">\u201cParola\u2026 parole, immagini e suoni. Comunicazione e Relazione\u201d \u00e8 il titolo della 1a Festa Diocesana della Comunicazione che si terr\u00e0 oggi, sabato 26 novembre, a Nicosia. L\u2019iniziativa, voluta ed organizzata dall\u2019Ufficio diocesano Comunicazioni Sociali, si pone come ponte ed in stretta continuit\u00e0 sia tra il Convegno dello scorso 10 Giugno (presentazione alla comunit\u00e0 diocesana del nuovo sito Internet <a href=\"http:\/\/www.diocesinicosia.it\">www.diocesinicosia.it<\/a>\u00a0costruito grazie al supporto del Servizio Informatico della C.E.I. ), che con la pubblicazione della Lettera Pastorale del Vescovo Salvatore Muratore alla Diocesi nicosiana, dal titolo \u201cIl fascino della Parola\u201d. La 1\u00b0 Festa Diocesana della Comunicazione si aprir\u00e0 gi\u00e0 in mattinata con una mostra, sotto i portici della Cattedrale, delle prime pagine pi\u00f9 significative del nostro periodico diocesano \u201c\u2026in Dialogo\u201d (diretto da don Pietro Antonio Ruggiero), che ha visto la luce nel 2004. Altro momento della manifestazione alle ore 19,00, nella chiesa dedicata a San Calogero, sar\u00e0 \u201cLe immagini raccontano\u201d, con proiezione e relativo dibattito sul Film \u201cIl discorso del Re\u201d di Tom Hooper. A seguire, intorno alle 20.30, \u201cLa Parola\u201d adorazione eucaristica con lettura integrale del Vangelo secondo Giovanni, presso la Chiesa di S. Antonio Abate. Alle 21.30 \u201cDiciamolo in Musica\u201d il suono vibrazione dell\u2019Anima &#8211; a cura degli EN THEOS MOS (gli entusiasti) con un repertorio di canti dedicato alla manifestazione per dire che la musica \u00e8 uno strumento prezioso ed unico per far vibrare le corde dell\u2019Anima verso il Vero, il Bello e il Bene. [01]<\/div>\n<div>\u00a0<\/div>\n<\/div>\n","protected":false},"excerpt":{"rendered":"","protected":false},"author":1,"featured_media":0,"comment_status":"open","ping_status":"open","sticky":false,"template":"","format":"standard","meta":[],"categories":[30],"tags":[],"news-destination":[],"news-source":[],"is_homepage":[],"ta_other":[],"_links":{"self":[{"href":"https:\/\/www.chiesedisicilia.org\/chiesedisicilia\/news\/wp-json\/wp\/v2\/posts\/2940"}],"collection":[{"href":"https:\/\/www.chiesedisicilia.org\/chiesedisicilia\/news\/wp-json\/wp\/v2\/posts"}],"about":[{"href":"https:\/\/www.chiesedisicilia.org\/chiesedisicilia\/news\/wp-json\/wp\/v2\/types\/post"}],"author":[{"embeddable":true,"href":"https:\/\/www.chiesedisicilia.org\/chiesedisicilia\/news\/wp-json\/wp\/v2\/users\/1"}],"replies":[{"embeddable":true,"href":"https:\/\/www.chiesedisicilia.org\/chiesedisicilia\/news\/wp-json\/wp\/v2\/comments?post=2940"}],"version-history":[{"count":1,"href":"https:\/\/www.chiesedisicilia.org\/chiesedisicilia\/news\/wp-json\/wp\/v2\/posts\/2940\/revisions"}],"predecessor-version":[{"id":21418,"href":"https:\/\/www.chiesedisicilia.org\/chiesedisicilia\/news\/wp-json\/wp\/v2\/posts\/2940\/revisions\/21418"}],"wp:attachment":[{"href":"https:\/\/www.chiesedisicilia.org\/chiesedisicilia\/news\/wp-json\/wp\/v2\/media?parent=2940"}],"wp:term":[{"taxonomy":"category","embeddable":true,"href":"https:\/\/www.chiesedisicilia.org\/chiesedisicilia\/news\/wp-json\/wp\/v2\/categories?post=2940"},{"taxonomy":"post_tag","embeddable":true,"href":"https:\/\/www.chiesedisicilia.org\/chiesedisicilia\/news\/wp-json\/wp\/v2\/tags?post=2940"},{"taxonomy":"news-destination","embeddable":true,"href":"https:\/\/www.chiesedisicilia.org\/chiesedisicilia\/news\/wp-json\/wp\/v2\/news-destination?post=2940"},{"taxonomy":"news-source","embeddable":true,"href":"https:\/\/www.chiesedisicilia.org\/chiesedisicilia\/news\/wp-json\/wp\/v2\/news-source?post=2940"},{"taxonomy":"is_homepage","embeddable":true,"href":"https:\/\/www.chiesedisicilia.org\/chiesedisicilia\/news\/wp-json\/wp\/v2\/is_homepage?post=2940"},{"taxonomy":"ta_other","embeddable":true,"href":"https:\/\/www.chiesedisicilia.org\/chiesedisicilia\/news\/wp-json\/wp\/v2\/ta_other?post=2940"}],"curies":[{"name":"wp","href":"https:\/\/api.w.org\/{rel}","templated":true}]}}