{"id":2934,"date":"2011-01-19T11:26:00","date_gmt":"2011-01-19T10:26:00","guid":{"rendered":"http:\/\/wptestsite.tecnavia.com\/chiesedisicilia_clientsite\/news\/2011\/01\/19\/nicosia-tre-giorni-di-riflessione-e-preghiera-per-il-clero-e-i-laici\/"},"modified":"2018-11-12T07:58:06","modified_gmt":"2018-01-16T07:58:06","slug":"nicosia-tre-giorni-di-riflessione-e-preghiera-per-il-clero-e-i-laici","status":"publish","type":"post","link":"https:\/\/www.chiesedisicilia.org\/2011\/01\/19\/nicosia-tre-giorni-di-riflessione-e-preghiera-per-il-clero-e-i-laici\/","title":{"rendered":"NICOSIA. TRE GIORNI DI RIFLESSIONE E PREGHIERA PER IL CLERO E I LAICI"},"content":{"rendered":"<div>Si svolger\u00e0 da oggi, marted\u00ec 11, e fino a gioved\u00ec 13 gennaio, la tre giorni diocesana per clero e laici programmata dalla diocesi di Nicosia. \u201cCi soffermeremo sui due documenti appena usciti: L&#8217;esortazione apostolica postsinodale del Papa e gli orientamenti pastorali per il decennio 2010-20 della Conferenza Episcopale Italiana \u201cVerbum Domini Educare alla vita buona del Vangelo\u201d, spiega il vescovo, mons. Salvatore Muratore. Lo stesso evidenzia che \u201ca nessuno sfugge l&#8217;importanza e l&#8217;urgenza ineludibile del problema educativo e della trasmissione della fede nelle famiglie e nella Chiesa. Proveremo a capire cosa lo Spirito sta dicendo oggi alla nostra Chiesa e verso dove la vuole sospingere. Alcuni tracciati sono avviati, altri devono essere pensati e realizzati; per questo riprenderemo in mano le Costituzioni sinodali, per leggerne le spinte profetiche e per dare il nostro contributo fattivo e positivo al cammino della nostra Chiesa\u201d. Relatori della tre giorni saranno don Angelo Passaro, Angelo Briguglia, don Antonino Fallico, e don Pietro Antonio Ruggero. L&#8217;incontro del mattino \u00e8 pensato per i presbiteri e per i laici che non hanno particolari impegni di lavoro. Il pomeriggio \u00e8 per tutti presbiteri e laici attorno al Vescovo nella pienezza dell&#8217;unit\u00e0 del popolo santo di Dio. [01]<\/p>\n<div>\u00a0<\/div>\n<\/div>\n","protected":false},"excerpt":{"rendered":"","protected":false},"author":1,"featured_media":0,"comment_status":"open","ping_status":"open","sticky":false,"template":"","format":"standard","meta":[],"categories":[30],"tags":[],"news-destination":[],"news-source":[],"is_homepage":[],"ta_other":[],"_links":{"self":[{"href":"https:\/\/www.chiesedisicilia.org\/chiesedisicilia\/news\/wp-json\/wp\/v2\/posts\/2934"}],"collection":[{"href":"https:\/\/www.chiesedisicilia.org\/chiesedisicilia\/news\/wp-json\/wp\/v2\/posts"}],"about":[{"href":"https:\/\/www.chiesedisicilia.org\/chiesedisicilia\/news\/wp-json\/wp\/v2\/types\/post"}],"author":[{"embeddable":true,"href":"https:\/\/www.chiesedisicilia.org\/chiesedisicilia\/news\/wp-json\/wp\/v2\/users\/1"}],"replies":[{"embeddable":true,"href":"https:\/\/www.chiesedisicilia.org\/chiesedisicilia\/news\/wp-json\/wp\/v2\/comments?post=2934"}],"version-history":[{"count":1,"href":"https:\/\/www.chiesedisicilia.org\/chiesedisicilia\/news\/wp-json\/wp\/v2\/posts\/2934\/revisions"}],"predecessor-version":[{"id":21414,"href":"https:\/\/www.chiesedisicilia.org\/chiesedisicilia\/news\/wp-json\/wp\/v2\/posts\/2934\/revisions\/21414"}],"wp:attachment":[{"href":"https:\/\/www.chiesedisicilia.org\/chiesedisicilia\/news\/wp-json\/wp\/v2\/media?parent=2934"}],"wp:term":[{"taxonomy":"category","embeddable":true,"href":"https:\/\/www.chiesedisicilia.org\/chiesedisicilia\/news\/wp-json\/wp\/v2\/categories?post=2934"},{"taxonomy":"post_tag","embeddable":true,"href":"https:\/\/www.chiesedisicilia.org\/chiesedisicilia\/news\/wp-json\/wp\/v2\/tags?post=2934"},{"taxonomy":"news-destination","embeddable":true,"href":"https:\/\/www.chiesedisicilia.org\/chiesedisicilia\/news\/wp-json\/wp\/v2\/news-destination?post=2934"},{"taxonomy":"news-source","embeddable":true,"href":"https:\/\/www.chiesedisicilia.org\/chiesedisicilia\/news\/wp-json\/wp\/v2\/news-source?post=2934"},{"taxonomy":"is_homepage","embeddable":true,"href":"https:\/\/www.chiesedisicilia.org\/chiesedisicilia\/news\/wp-json\/wp\/v2\/is_homepage?post=2934"},{"taxonomy":"ta_other","embeddable":true,"href":"https:\/\/www.chiesedisicilia.org\/chiesedisicilia\/news\/wp-json\/wp\/v2\/ta_other?post=2934"}],"curies":[{"name":"wp","href":"https:\/\/api.w.org\/{rel}","templated":true}]}}