{"id":2920,"date":"2018-03-28T11:04:00","date_gmt":"2018-03-28T09:04:00","guid":{"rendered":"http:\/\/wptestsite.tecnavia.com\/chiesedisicilia_clientsite\/news\/2018\/03\/28\/monreale-inaugurazione-della-mostra-per-i-750-anni-della-consacrazione-del-duomo\/"},"modified":"2018-11-12T07:58:06","modified_gmt":"2018-01-16T07:58:06","slug":"monreale-inaugurazione-della-mostra-per-i-750-anni-della-consacrazione-del-duomo","status":"publish","type":"post","link":"https:\/\/www.chiesedisicilia.org\/2018\/03\/28\/monreale-inaugurazione-della-mostra-per-i-750-anni-della-consacrazione-del-duomo\/","title":{"rendered":"MONREALE. INAUGURAZIONE DELLA MOSTRA PER I 750 ANNI DELLA CONSACRAZIONE DEL DUOMO"},"content":{"rendered":"<div><span style=\"font-size: 12pt; font-family: \"Times New Roman\", serif; background-image: initial; background-position: initial; background-size: initial; background-repeat: initial; background-attachment: initial; background-origin: initial; background-clip: initial;\"><span style=\"font-size: medium;\"><span style=\"font-family: \"Times New Roman\";\">La mostra che si inaugurer\u00e0 sabato 24 marzo 2018 \u201cper celebrare i 750 anni della consacrazione del duomo ha il preciso intento di mostrare la trasversalit\u00e0 che dal soprannaturale giunge su un territorio, conduce tutti noi dalla fede semplice e genuina delle parrocchie fino al cuore nobile di Re Guglielmo, e ancora oggi unisce per mostrare la sublime bellezza redentrice, le istituzioni in essa coinvolte: la Regione Sicilia, l\u2019Universit\u00e0 di Palermo e l\u2019arcidiocesi di Monreale\u201d. Lo afferma in una nota mons. Michele Pennisi, arcivescovo di Monreale, annunciando un appuntamento molto attesto in diocesi nell\u2019ambito delle celebrazioni per il Giubileo del duomo, la mostra sul \u201cTempio d\u2019oro\u201d. Saranno presenti il rettore dell\u2019Universit\u00e0 di Palermo, Fabrizio Micari, e Vittorio Sgarbi, assessore regionale dei Beni Culturali. Presenze che \u201craccontano proprio questo grande impegno di sinergia che ha permesso di realizzare un evento espositivo di cos\u00ec grande rilievo\u201d. L\u2019arcivescovo sottolinea che tra le opere esposte \u201cnon si tratta solo di pietre d\u2019oro, non si tratta solo di oggetti preziosissimi, non ci sono solo carte antiche che raccontano una storia, c\u2019\u00e8 una fede che trasuda da tutto ci\u00f2 che il genio artistico delle varie maestranze del passato ha consegnato alla Comunit\u00e0 che \u00e8 per davvero contagiosa\u201d. La mostra ha come sedi espositive l\u2019aula capitolare di San Placido del museo diocesano, nella quale alla collezione permanente si \u00e8 aggiunta l\u2019esposizione di opere di pertinenza della cattedrale, a partire dalla pergamena della sua dedicazione, e il dormitorio dei Benedettini, nel quale sono allestite opere provenienti dall\u2019arcidiocesi. L\u2019esposizione copre un arco di tempo che dalla dedicazione del duomo normanno giunge al XIX secolo esponendo opere d\u2019arte diverse: dai dipinti alle sculture, dalle suppellettili liturgiche ai parati sacri, dalle pergamene ai codici miniati, dai manoscritti ai testi a stampa. [01]<\/span><\/span><\/span><span style=\"font-size:12.0pt;font-family:\"Times New Roman\",\"serif\"\"><o:p><\/o:p><\/span><\/div>\n","protected":false},"excerpt":{"rendered":"","protected":false},"author":1,"featured_media":0,"comment_status":"open","ping_status":"open","sticky":false,"template":"","format":"standard","meta":[],"categories":[30],"tags":[],"news-destination":[],"news-source":[],"is_homepage":[],"ta_other":[],"_links":{"self":[{"href":"https:\/\/www.chiesedisicilia.org\/chiesedisicilia\/news\/wp-json\/wp\/v2\/posts\/2920"}],"collection":[{"href":"https:\/\/www.chiesedisicilia.org\/chiesedisicilia\/news\/wp-json\/wp\/v2\/posts"}],"about":[{"href":"https:\/\/www.chiesedisicilia.org\/chiesedisicilia\/news\/wp-json\/wp\/v2\/types\/post"}],"author":[{"embeddable":true,"href":"https:\/\/www.chiesedisicilia.org\/chiesedisicilia\/news\/wp-json\/wp\/v2\/users\/1"}],"replies":[{"embeddable":true,"href":"https:\/\/www.chiesedisicilia.org\/chiesedisicilia\/news\/wp-json\/wp\/v2\/comments?post=2920"}],"version-history":[{"count":1,"href":"https:\/\/www.chiesedisicilia.org\/chiesedisicilia\/news\/wp-json\/wp\/v2\/posts\/2920\/revisions"}],"predecessor-version":[{"id":21401,"href":"https:\/\/www.chiesedisicilia.org\/chiesedisicilia\/news\/wp-json\/wp\/v2\/posts\/2920\/revisions\/21401"}],"wp:attachment":[{"href":"https:\/\/www.chiesedisicilia.org\/chiesedisicilia\/news\/wp-json\/wp\/v2\/media?parent=2920"}],"wp:term":[{"taxonomy":"category","embeddable":true,"href":"https:\/\/www.chiesedisicilia.org\/chiesedisicilia\/news\/wp-json\/wp\/v2\/categories?post=2920"},{"taxonomy":"post_tag","embeddable":true,"href":"https:\/\/www.chiesedisicilia.org\/chiesedisicilia\/news\/wp-json\/wp\/v2\/tags?post=2920"},{"taxonomy":"news-destination","embeddable":true,"href":"https:\/\/www.chiesedisicilia.org\/chiesedisicilia\/news\/wp-json\/wp\/v2\/news-destination?post=2920"},{"taxonomy":"news-source","embeddable":true,"href":"https:\/\/www.chiesedisicilia.org\/chiesedisicilia\/news\/wp-json\/wp\/v2\/news-source?post=2920"},{"taxonomy":"is_homepage","embeddable":true,"href":"https:\/\/www.chiesedisicilia.org\/chiesedisicilia\/news\/wp-json\/wp\/v2\/is_homepage?post=2920"},{"taxonomy":"ta_other","embeddable":true,"href":"https:\/\/www.chiesedisicilia.org\/chiesedisicilia\/news\/wp-json\/wp\/v2\/ta_other?post=2920"}],"curies":[{"name":"wp","href":"https:\/\/api.w.org\/{rel}","templated":true}]}}