{"id":2884,"date":"2016-03-24T12:26:00","date_gmt":"2016-03-24T11:26:00","guid":{"rendered":"http:\/\/wptestsite.tecnavia.com\/chiesedisicilia_clientsite\/news\/2016\/03\/24\/monreale-pasqua-primavera-dello-spirito\/"},"modified":"2018-11-12T07:58:05","modified_gmt":"2018-01-16T07:58:05","slug":"monreale-pasqua-primavera-dello-spirito","status":"publish","type":"post","link":"https:\/\/www.chiesedisicilia.org\/2016\/03\/24\/monreale-pasqua-primavera-dello-spirito\/","title":{"rendered":"MONREALE. &#8220;PASQUA, PRIMAVERA DELLO SPIRITO&#8221;"},"content":{"rendered":"<div><span style=\"font-size: medium;\"><span style=\"font-family: 'Times New Roman';\">&#8220;Pasqua, primavera della Spirito&#8221; \u00e8 il titolo che mons. Michele Pennisi ha scelto per il suo messaggio pasquale quest&#8217;anno. &#8220;<\/span><\/span><span style=\"font-family: 'Times New Roman'; font-size: medium;\">Noi cristiani chiamati a scoprire \u201c il gigantesco segreto\u201d \u00a0della gioia piena, che ci \u00e8 stato affidato nella Pasqua di Cristo, inizio di una nuova creazione, dobbiamo condividerlo con gli uomini e le donne del nostro tempo.\u00a0<\/span><span style=\"font-size: medium;\"><span style=\"font-family: 'Times New Roman';\">Noi cristiani &#8211; scrive il pastore della Chiesa manrealese &#8211; siamo chiamati a confrontarci \u00a0con gli avvenimenti della vita quotidiana, gravata dal pesante bagaglio di sofferenza, di dolore e di morte e ne dobbiamo\u00a0 offrire una lettura \u201cpasquale\u201d alla luce della morte e della risurrezione di Cristo.\u00a0<\/span><\/span><span style=\"font-size: 14pt;\"><o:p><\/o:p><\/span><span style=\"font-size: medium;\"><span style=\"font-family: 'Times New Roman';\">Oggi ci dobbiamo chiedere se siamo capaci di testimoniare l\u2019annuncio gioioso della risurrezione di Cristo agli uomini del nostro tempo&#8221;.<\/span><\/span><span style=\"font-size: 14pt;\"><o:p><\/o:p><\/span><\/div>\n<div><span style=\"font-size: medium;\"><span style=\"font-family: 'Times New Roman';\">Di seguito il testo completo del messaggio di mons. Michele Pennisi per la Pasqua 2016.<\/span><\/span><\/div>\n<div>\u00a0<\/div>\n<div><span style=\"font-size: medium;\"><span style=\"font-family: 'Times New Roman';\">\u00a0<\/span><\/span><\/div>\n<div><em><span style=\"font-size: medium;\"><span style=\"font-family: 'Times New Roman';\">La festa di Pasqua, che celebriamo nella stagione primaverile, in cui la natura si ridesta dal torpore invernale , si presenta come una vera \u201cprimavera dello Spirito\u201d, che rinnova la nostra fragile umanit\u00e0 e d\u00e0 origine a un\u2019esistenza filiale e alla continua giovinezza della Chiesa.<\/span><\/span><\/em><\/div>\n<div><em><span style=\"font-family: 'Times New Roman'; font-size: medium;\">Consapevoli come siamo &#8211; dice Papa Francesco nella enciclica <\/span><i style=\"font-family: 'Times New Roman'; font-size: medium;\">Laudato si\u2019-<\/i><span style=\"font-family: 'Times New Roman'; font-size: medium;\"> , che \u201cil traguardo del cammino dell\u2019universo \u00e8 nella pienezza di Dio, che \u00e8 stata gi\u00e0 raggiunta da Cristo risorto, fulcro della maturazione universale, tutte le creature avanzano, insieme a noi e attraverso di noi, verso la meta comune, che \u00e8 Dio, in una pienezza trascendente dove Cristo risorto abbraccia e illumina tutto\u201d (LS,83).<\/span><\/em><\/div>\n<div><em><span style=\"font-size: medium;\"><span style=\"font-family: 'Times New Roman';\">Alla luce di Cristo risorto, presente in tutto il creato con la sua signoria universale, \u201cle creature di questo mondo non ci si presentano pi\u00f9 come una realt\u00e0 meramente naturale, perch\u00e9 il Risorto le avvolge misteriosamente e le orienta a un destino di pienezza. Gli stessi fiori del campo e gli uccelli che Egli contempl\u00f2 ammirato con i suoi occhi umani, ora sono pieni della sua presenza luminosa\u201d (LS,100).<\/span><\/span><\/em><span style=\"font-size:14.0pt\"><o:p><\/o:p><\/span><\/div>\n<div><em><span style=\"font-size: medium;\"><span style=\"font-family: 'Times New Roman';\">Cristo risorto ha dato\u00a0 un senso nuovo alla storia e\u00a0 una bellezza nuova a tutta la creazione.<\/span><\/span><\/em><span style=\"font-size:14.0pt\"><o:p><\/o:p><\/span><\/div>\n<div><em><span style=\"font-size: medium;\"><span style=\"font-family: 'Times New Roman';\">Scrive il teologo ortodosso\u00a0 Florenskji: \u201cLa bellezza della natura non ha vinto la Morte, l\u2019ha resa soltanto pi\u00f9 terrificante, travestendosi di bellissimi abiti\u201d.\u00a0 <\/span><\/span><\/em><span style=\"font-size:14.0pt\"><o:p><\/o:p><\/span><\/div>\n<div><em><span style=\"font-size: medium;\"><span style=\"font-family: 'Times New Roman';\">Con la resurrezione di Cristo \u00a0\u201cla materia si \u00e8 divinizzata, si \u00e8 illuminata nel Corpo di Cristo di una Bellezza immutabile. L\u2019universo trema di un fremito indicibile.\u00a0 Cielo e terra si riempiono di un entusiasmo indescrivibile nell\u2019attesa della primavera eterna. Guardate tutta la natura che si abbellisce del suo verde smeraldo; ora in lei si nasconde il seme luminoso della chiarezza. Ora non \u00e8 pi\u00f9 inutile\u00a0 la bellezza, poich\u00e9 la creatura si \u00e8 salvata dalla putrefazione, non \u00e8 pi\u00f9 inutile l\u2019amore, poich\u00e9 l\u2019amato non morir\u00e0 senza lasciare traccia. Non \u00e8 inutile la nostra fede e l\u2019opera dello Spirito, poich\u00e9 Cristo \u00e8 risorto\u201d.<\/span><\/span><\/em><span style=\"font-size:14.0pt\"><o:p><\/o:p><\/span><\/div>\n<div><em><span style=\"font-size: medium;\"><span style=\"font-family: 'Times New Roman';\">La notizia sconvolgente della risurrezione di Cristo, che per la nostra epoca rischia di passare inosservata,\u00a0ci aiuta a superare i momenti di crisi perch\u00e9 apre orizzonti nuovi sul senso ultimo della vita\u00a0 e sul destino dell&#8217;universo.<\/span><\/span><\/em><o:p><\/o:p><\/div>\n<div><em><span style=\"font-size: medium;\"><span style=\"font-family: 'Times New Roman';\">La vittoria pasquale di\u00a0 Cristo instaura la sovranit\u00e0 dell\u2019amore di Dio\u00a0 che vince la morte: alla schiavit\u00f9 subentra la libert\u00e0, alla tristezza la gioia , alla solitudine l\u2019amicizia , all\u2019individualismo la comunione. <\/span><\/span><\/em><span style=\"font-size:14.0pt\"><o:p><\/o:p><\/span><\/div>\n<div><em><span style=\"font-size: medium;\"><span style=\"font-family: 'Times New Roman';\">Noi Cristiani chiamati a scoprire \u201c il gigantesco segreto\u201d \u00a0della gioia piena, che ci \u00e8 stato affidato nella Pasqua di Cristo, inizio di una nuova creazione, dobbiamo condividerlo con gli uomini e le donne del nostro tempo.<\/span><\/span><\/em><span style=\"font-size:14.0pt\"><o:p><\/o:p><\/span><\/div>\n<div><em><span style=\"font-size: medium;\"><span style=\"font-family: 'Times New Roman';\">Noi Cristiani siamo chiamati a confrontarci \u00a0con gli avvenimenti della vita quotidiana, gravata dal pesante bagaglio di sofferenza, di dolore e di morte e ne dobbiamo\u00a0 offrire una lettura \u201cpasquale\u201d alla luce della morte e della risurrezione di Cristo. <\/span><\/span><\/em><span style=\"font-size:14.0pt\"><o:p><\/o:p><\/span><\/div>\n<div><em><span style=\"font-size: medium;\"><span style=\"font-family: 'Times New Roman';\">Oggi ci dobbiamo chiedere se siamo capaci di testimoniare l\u2019annuncio gioioso della risurrezione di Cristo agli uomini del nostro tempo.<\/span><\/span><\/em><span style=\"font-size:14.0pt\"><o:p><\/o:p><\/span><\/div>\n<div><em><span style=\"font-size: medium;\"><span style=\"font-family: 'Times New Roman';\">Per noi discepoli del Risorto risuona come una sfida l\u2019icastica espressione di Nietzsche: \u201cCanti migliori dovrebbero cantarmi, perch\u00e9 io impari a credere al loro redentore: pi\u00f9 redenti dovrebbero sembrarmi i suoi discepoli!\u201d. <\/span><\/span><\/em><span style=\"font-size:14.0pt\"><o:p><\/o:p><\/span><\/div>\n<div><em><span style=\"font-size: medium;\"><span style=\"font-family: 'Times New Roman';\">Viviamo la nostra vita alla luce della risurrezione di Cristo per cantare\u00a0 canti che riflettano la gioia pasquale. <\/span><\/span><\/em><span style=\"font-size:14.0pt\"><o:p><\/o:p><\/span><\/div>\n<div><em><span style=\"font-size: medium;\"><span style=\"font-family: 'Times New Roman';\">Il Risorto faccia sentire con il dono del suo Spirito la sua dolce presenza in mezzo a noi, particolarmente dove lo scoraggiamento e la malinconia cercano di avere il sopravvento. <\/span><\/span><\/em><span style=\"font-size:14.0pt\"><o:p><\/o:p><\/span><\/div>\n<div><em><span style=\"font-size: medium;\"><span style=\"font-family: 'Times New Roman';\">In questa Pasqua lasciamoci rinnovare dalla certezza della misericordia di Dio, che come un fiume possa irrigare i deserti del nostro mondo e diventiamo\u00a0<\/span><\/span><span style=\"font-size: medium;\"><span style=\"font-family: 'Times New Roman';\">messaggeri di questa misericordia, \u00a0custodi della nostra casa comune , impegnati a far fiorire la giustizia e l\u2019amore e \u00a0ad accogliere in una abbraccio di pace tutti .<\/span><\/span><\/em><span style=\"font-size:14.0pt\"><o:p><\/o:p><\/span><\/div>\n<div><em><span style=\"font-size: medium;\"><span style=\"font-family: 'Times New Roman';\">\u00a0<\/span><\/span><\/em><\/div>\n<div><em><span style=\"font-size: medium;\"><span style=\"font-family: 'Times New Roman';\">\u00a0<\/span><\/span><\/em><\/div>\n<div><em><span style=\"font-size: medium;\"><span style=\"font-family: 'Times New Roman';\">Monreale, Pasqua 2016 \u00a0 \u00a0 \u00a0 \u00a0 \u00a0 \u00a0 \u00a0 \u00a0 \u00a0 <\/span><\/span><\/em><\/div>\n<div style=\"text-align: right;\"><em><span style=\"font-size: medium;\"><span style=\"font-family: 'Times New Roman';\">Michele Pennisi, arcivescovo<\/span><\/span><\/em><span style=\"font-size:\n14.0pt\"><o:p><\/o:p><\/span><\/div>\n<div><span style=\"font-size: medium;\"><span style=\"font-family: 'Times New Roman';\">\u00a0<\/span><\/span><\/div>\n<div>\u00a0<\/div>\n","protected":false},"excerpt":{"rendered":"","protected":false},"author":1,"featured_media":0,"comment_status":"open","ping_status":"open","sticky":false,"template":"","format":"standard","meta":[],"categories":[30],"tags":[],"news-destination":[],"news-source":[],"is_homepage":[],"ta_other":[],"_links":{"self":[{"href":"https:\/\/www.chiesedisicilia.org\/chiesedisicilia\/news\/wp-json\/wp\/v2\/posts\/2884"}],"collection":[{"href":"https:\/\/www.chiesedisicilia.org\/chiesedisicilia\/news\/wp-json\/wp\/v2\/posts"}],"about":[{"href":"https:\/\/www.chiesedisicilia.org\/chiesedisicilia\/news\/wp-json\/wp\/v2\/types\/post"}],"author":[{"embeddable":true,"href":"https:\/\/www.chiesedisicilia.org\/chiesedisicilia\/news\/wp-json\/wp\/v2\/users\/1"}],"replies":[{"embeddable":true,"href":"https:\/\/www.chiesedisicilia.org\/chiesedisicilia\/news\/wp-json\/wp\/v2\/comments?post=2884"}],"version-history":[{"count":1,"href":"https:\/\/www.chiesedisicilia.org\/chiesedisicilia\/news\/wp-json\/wp\/v2\/posts\/2884\/revisions"}],"predecessor-version":[{"id":21365,"href":"https:\/\/www.chiesedisicilia.org\/chiesedisicilia\/news\/wp-json\/wp\/v2\/posts\/2884\/revisions\/21365"}],"wp:attachment":[{"href":"https:\/\/www.chiesedisicilia.org\/chiesedisicilia\/news\/wp-json\/wp\/v2\/media?parent=2884"}],"wp:term":[{"taxonomy":"category","embeddable":true,"href":"https:\/\/www.chiesedisicilia.org\/chiesedisicilia\/news\/wp-json\/wp\/v2\/categories?post=2884"},{"taxonomy":"post_tag","embeddable":true,"href":"https:\/\/www.chiesedisicilia.org\/chiesedisicilia\/news\/wp-json\/wp\/v2\/tags?post=2884"},{"taxonomy":"news-destination","embeddable":true,"href":"https:\/\/www.chiesedisicilia.org\/chiesedisicilia\/news\/wp-json\/wp\/v2\/news-destination?post=2884"},{"taxonomy":"news-source","embeddable":true,"href":"https:\/\/www.chiesedisicilia.org\/chiesedisicilia\/news\/wp-json\/wp\/v2\/news-source?post=2884"},{"taxonomy":"is_homepage","embeddable":true,"href":"https:\/\/www.chiesedisicilia.org\/chiesedisicilia\/news\/wp-json\/wp\/v2\/is_homepage?post=2884"},{"taxonomy":"ta_other","embeddable":true,"href":"https:\/\/www.chiesedisicilia.org\/chiesedisicilia\/news\/wp-json\/wp\/v2\/ta_other?post=2884"}],"curies":[{"name":"wp","href":"https:\/\/api.w.org\/{rel}","templated":true}]}}