{"id":2878,"date":"2015-12-23T11:51:00","date_gmt":"2015-12-23T10:51:00","guid":{"rendered":"http:\/\/wptestsite.tecnavia.com\/chiesedisicilia_clientsite\/news\/2015\/12\/23\/monreale-il-bambino-di-betlemme-volto-della-misericordia-del-padre\/"},"modified":"2018-11-12T07:58:00","modified_gmt":"2018-01-16T07:58:00","slug":"monreale-il-bambino-di-betlemme-volto-della-misericordia-del-padre","status":"publish","type":"post","link":"https:\/\/www.chiesedisicilia.org\/2015\/12\/23\/monreale-il-bambino-di-betlemme-volto-della-misericordia-del-padre\/","title":{"rendered":"MONREALE. &#8220;IL BAMBINO DI BETLEMME, VOLTO DELLA MISERICORDIA DEL PADRE&#8221;"},"content":{"rendered":"<div><span style=\"font-size:13.0pt;line-height:115%;font-family:\"Times New Roman\",\"serif\";\nmso-bidi-font-family:\"Times New Roman\";mso-bidi-theme-font:minor-bidi\"><span style=\"font-size: medium;\"><span style=\"font-family: 'Times New Roman';\">Con il rintocco delle campane a festa risuona ancora una volta l&#8217;annunzio del Natale, che ricorda a ogni generazione che il Figlio di Dio ha condiviso la nostra fragile umanit\u00e0.<\/span><\/span><o:p><\/o:p><\/span><\/div>\n<div><span style=\"font-size: medium;\"><span style=\"font-family: 'Times New Roman';\"><span style=\"line-height: 115%;\">Il Natale non \u00e8 un evento archeologico, nel quale commemoriamo la nascita di un personaggio del passato, ma \u00e8 l&#8217;annunzio della nascita di un uomo nuovo che conosce l&#8217;origine della propria vita e cammina verso l&#8217;attuazione del suo destino di bellezza, di verit\u00e0 e di giustizia che trova in Cristo il suo fondamento. <\/span><\/span><\/span><span style=\"font-size:13.0pt;line-height:115%;font-family:\"Times New Roman\",\"serif\";\nmso-bidi-font-family:\"Times New Roman\";mso-bidi-theme-font:minor-bidi\"><o:p><\/o:p><\/span><\/div>\n<div><span style=\"font-size: medium;\"><span style=\"font-family: 'Times New Roman';\"><span style=\"line-height: 115%;\">Il Natale \u00e8 la festa che ci ricorda come il cristianesimo \u00e8 nato da un piccolo germoglio: \u201cUn bambino avvolto in fasce che giace in una mangiatoia\u201d (Lc 2,12). \u00abUna culla \u00e8 l&#8217;inizio di ci\u00f2 che germoglia \/ inizia di nuovo la terra, \/ principio del mondo \u00e8 un bambino\u00bb, (NOVALIS, Conforto del mondo, vieni)\u00a0\u00a0\u00a0\u00a0\u00a0\u00a0\u00a0 <\/span><\/span><\/span><span style=\"font-size:13.0pt;line-height:115%;font-family:\"Times New Roman\",\"serif\";\nmso-bidi-font-family:\"Times New Roman\";mso-bidi-theme-font:minor-bidi\"><o:p><\/o:p><\/span><\/div>\n<div><span style=\"font-size: medium;\"><span style=\"font-family: 'Times New Roman';\"><span style=\"line-height: 115%;\">Il Natale \u00e8 la celebrazione della nostra vera identit\u00e0 nella quale ricomporre in noi l&#8217;immagine e la somiglianza con Dio e risolvere il dramma della nostra alienazione.<\/span><\/span><\/span><span style=\"font-size:13.0pt;line-height:115%;font-family:\"Times New Roman\",\"serif\";\nmso-bidi-font-family:\"Times New Roman\";mso-bidi-theme-font:minor-bidi\"><o:p><\/o:p><\/span><\/div>\n<div><span style=\"font-size: medium;\"><span style=\"font-family: 'Times New Roman';\"><span style=\"line-height: 115%;\">Il Natale, al di\u00a0 l\u00e0 di tutte le riduzioni consumistiche che ne abbiamo fatto, \u00e8 un bambino che ci porta il sorriso di Dio, venuto ad asciugare le nostre lacrime. Quel sorriso \u00e8 la pi\u00f9 grande forza contro il dilagare del nichilismo e la pi\u00f9 grande energia per ricominciare a costruire una societ\u00e0 a misura d&#8217;uomo conforme al disegno di Dio.<\/span><\/span><\/span><span style=\"font-size:13.0pt;line-height:115%;font-family:\"Times New Roman\",\"serif\";\nmso-bidi-font-family:\"Times New Roman\";mso-bidi-theme-font:minor-bidi\"><o:p><\/o:p><\/span><\/div>\n<div><span style=\"font-size: medium;\"><span style=\"font-family: 'Times New Roman';\"><span style=\"line-height: 115%;\">Il Natale \u00e8 molto di pi\u00f9 che la festa dei buoni sentimenti: \u00e8 la festa della rivelazione della misericordia e della tenerezza di Dio nel volto del Bambino nato a Betlemme.\u00a0 Egli \u00e8 venuto per farci conoscere che il Dio in cui\u00a0 crediamo \u00e8 &#8220;Misericordia&#8221; e per invitarci a spalancare la porta del cuore alla sua misericordia perch\u00e9 noi la riversassimo sugli altri.<\/span><\/span><\/span><span style=\"font-size:13.0pt;line-height:115%;font-family:\"Times New Roman\",\"serif\";\nmso-bidi-font-family:\"Times New Roman\";mso-bidi-theme-font:minor-bidi\"><o:p><\/o:p><\/span><\/div>\n<div><span style=\"font-size: medium;\"><span style=\"font-family: 'Times New Roman';\"><span style=\"line-height: 115%;\">Quando l&#8217;uomo rifiuta di riconoscere in Ges\u00f9 il volto della misericordia del Padre, allora la violenza diventa l&#8217;unica legge nei rapporti umani.<\/span><\/span><\/span><span style=\"font-size:13.0pt;line-height:115%;font-family:\"Times New Roman\",\"serif\";\nmso-bidi-font-family:\"Times New Roman\";mso-bidi-theme-font:minor-bidi\"><o:p><\/o:p><\/span><\/div>\n<div><span style=\"font-size: medium;\"><span style=\"font-family: 'Times New Roman';\"><span style=\"line-height: 115%;\">In questo Natale non possiamo dimenticare il sangue di tanti innocenti sparso per opera di terroristi fanatici che, uccidendo nel nome del loro Dio, bestemmiano il vero Dio che non vuole la morte ma la vita degli uomini e delle donne creati a sua immagine e somiglianza.<\/span><\/span><\/span><span style=\"font-size:13.0pt;line-height:115%;font-family:\"Times New Roman\",\"serif\";\nmso-bidi-font-family:\"Times New Roman\";mso-bidi-theme-font:minor-bidi\"><o:p><\/o:p><\/span><\/div>\n<div><span style=\"font-size: medium;\"><span style=\"font-family: 'Times New Roman';\"><span style=\"line-height: 115%;\">Di fronte alla paura diffusa fra la gente, soprattutto in Occidente, mi sembra quanto mai attuale l&#8217;appello che papa Francesco ha fatto aprendo la Porta Santa del Giubileo della Misericordia a Roma: \u00abAbbandoniamo ogni forma di paura e di timore perch\u00e9 non si addice a chi \u00e8 amato; viviamo, piuttosto, la gioia dell&#8217; incontro con la grazia che tutto trasforma\u00bb. <\/span><\/span><\/span><span style=\"font-size:13.0pt;line-height:115%;font-family:\"Times New Roman\",\"serif\";\nmso-bidi-font-family:\"Times New Roman\";mso-bidi-theme-font:minor-bidi\"><o:p><\/o:p><\/span><\/div>\n<div><span style=\"font-size: medium;\"><span style=\"font-family: 'Times New Roman';\"><span style=\"line-height: 115%;\">Quando l&#8217;uomo non si accorge di Dio, allora si fa buio nell&#8217;anima, un buio che neppure\u00a0 le mille luci colorate, con l&#8217;oro e l&#8217;argento degli addobbi e le note dei nostri canti potranno riuscire a\u00a0 vincere. <\/span><\/span><\/span><span style=\"font-size:13.0pt;line-height:115%;font-family:\"Times New Roman\",\"serif\";\nmso-bidi-font-family:\"Times New Roman\";mso-bidi-theme-font:minor-bidi\"><o:p><\/o:p><\/span><\/div>\n<div><span style=\"font-size: medium;\"><span style=\"font-family: 'Times New Roman';\"><span style=\"line-height: 115%;\">Ges\u00f9 \u00e8 l&#8217;unica luce capace di dissipare le tenebre del peccato, della solitudine, della disperazione.<\/span><\/span><\/span><span style=\"font-size:13.0pt;line-height:115%;font-family:\"Times New Roman\",\"serif\";\nmso-bidi-font-family:\"Times New Roman\";mso-bidi-theme-font:minor-bidi\"><o:p><\/o:p><\/span><\/div>\n<div><span style=\"font-size: medium;\"><span style=\"font-family: 'Times New Roman';\"><span style=\"line-height: 115%;\">Ges\u00f9 \u00e8 luce che riscalda i cuori, ridona la speranza di una vita nuova, capace di espandersi e di traboccare tutt&#8217;intorno. <\/span><\/span><\/span><span style=\"font-size:13.0pt;line-height:115%;font-family:\"Times New Roman\",\"serif\";\nmso-bidi-font-family:\"Times New Roman\";mso-bidi-theme-font:minor-bidi\"><o:p><\/o:p><\/span><\/div>\n<div><span style=\"font-size: medium;\"><span style=\"font-family: 'Times New Roman';\"><span style=\"line-height: 115%;\">Con Ges\u00f9 diventiamo luce anche noi per inondare della stessa luce di Cristo il mondo e la storia. <\/span><\/span><\/span><span style=\"font-size:13.0pt;line-height:115%;font-family:\"Times New Roman\",\"serif\";\nmso-bidi-font-family:\"Times New Roman\";mso-bidi-theme-font:minor-bidi\"><o:p><\/o:p><\/span><\/div>\n<div><span style=\"font-size: medium;\"><span style=\"font-family: 'Times New Roman';\"><span style=\"line-height: 115%;\">Dal fragile Bambino di Betlemme impariamo cosa significa misericordia, accoglienza e solidariet\u00e0. <\/span><\/span><\/span><span style=\"font-size:13.0pt;line-height:115%;font-family:\"Times New Roman\",\"serif\";\nmso-bidi-font-family:\"Times New Roman\";mso-bidi-theme-font:minor-bidi\"><o:p><\/o:p><\/span><\/div>\n<div><span style=\"font-size: medium;\"><span style=\"font-family: 'Times New Roman';\"><span style=\"line-height: 115%;\">In questo Natale uniamoci con la preghiera ai nostri fratelli e sorelle nella fede, che sono discriminati, persegui nostri fratelli e sorelle nella fede, che sono discriminati, perseguitati, messi a morte, costretti alla fuga con il silenzio vergognoso e complice di tanti. <\/span><\/span><\/span><span style=\"font-size:13.0pt;line-height:115%;font-family:\"Times New Roman\",\"serif\";\nmso-bidi-font-family:\"Times New Roman\";mso-bidi-theme-font:minor-bidi\"><o:p><\/o:p><\/span><\/div>\n<div><span style=\"font-size: medium;\"><span style=\"font-family: 'Times New Roman';\"><span style=\"line-height: 115%;\">Facciamoci\u00a0 prossimo del fratello, chiunque egli sia, da qualsiasi parte provenga, qualunque sia il suo problema. Chiamati ad uno stile di accoglienza e di misericordia, in chiunque bussa alla porta guardiamo i tratti di Ges\u00f9, che ha detto: \u00abEro straniero e mi avete accolto\u00bb (Mt 25,35).<\/span><\/span><\/span><span style=\"font-size:13.0pt;line-height:115%;font-family:\"Times New Roman\",\"serif\";\nmso-bidi-font-family:\"Times New Roman\";mso-bidi-theme-font:minor-bidi\"><o:p><\/o:p><\/span><\/div>\n<div><span style=\"font-size: medium;\"><span style=\"font-family: 'Times New Roman';\"><span style=\"line-height: 115%;\">Regaliamo a Ges\u00f9, nel giorno del Suo Natale, la nostra testimonianza di vita gioiosa, facendoci annunciatori e testimoni della buona notizia dell&#8217;amore misericordioso di Dio per tutti.<\/span><\/span><\/span><span style=\"font-size:13.0pt;line-height:115%;font-family:\"Times New Roman\",\"serif\";\nmso-bidi-font-family:\"Times New Roman\";mso-bidi-theme-font:minor-bidi\"><o:p><\/o:p><\/span><\/div>\n<div><span style=\"font-size: medium;\"><span style=\"font-family: 'Times New Roman';\"><span style=\"line-height: 115%;\">\u00a0<\/span><\/span><\/span><\/div>\n<div style=\"text-align: right;\"><span style=\"font-size: medium;\"><span style=\"font-family: 'Times New Roman';\"><i><span style=\"line-height: 115%;\">S. E. Mons. Michele Pennisi<\/span><\/i><\/span><\/span><i><span style=\"font-size:13.0pt;line-height:115%;font-family:\"Times New Roman\",\"serif\";\nmso-bidi-font-family:\"Times New Roman\";mso-bidi-theme-font:minor-bidi\"><o:p><\/o:p><\/span><\/i><\/div>\n","protected":false},"excerpt":{"rendered":"","protected":false},"author":1,"featured_media":0,"comment_status":"open","ping_status":"open","sticky":false,"template":"","format":"standard","meta":[],"categories":[30],"tags":[],"news-destination":[],"news-source":[],"is_homepage":[],"ta_other":[],"_links":{"self":[{"href":"https:\/\/www.chiesedisicilia.org\/chiesedisicilia\/news\/wp-json\/wp\/v2\/posts\/2878"}],"collection":[{"href":"https:\/\/www.chiesedisicilia.org\/chiesedisicilia\/news\/wp-json\/wp\/v2\/posts"}],"about":[{"href":"https:\/\/www.chiesedisicilia.org\/chiesedisicilia\/news\/wp-json\/wp\/v2\/types\/post"}],"author":[{"embeddable":true,"href":"https:\/\/www.chiesedisicilia.org\/chiesedisicilia\/news\/wp-json\/wp\/v2\/users\/1"}],"replies":[{"embeddable":true,"href":"https:\/\/www.chiesedisicilia.org\/chiesedisicilia\/news\/wp-json\/wp\/v2\/comments?post=2878"}],"version-history":[{"count":1,"href":"https:\/\/www.chiesedisicilia.org\/chiesedisicilia\/news\/wp-json\/wp\/v2\/posts\/2878\/revisions"}],"predecessor-version":[{"id":21357,"href":"https:\/\/www.chiesedisicilia.org\/chiesedisicilia\/news\/wp-json\/wp\/v2\/posts\/2878\/revisions\/21357"}],"wp:attachment":[{"href":"https:\/\/www.chiesedisicilia.org\/chiesedisicilia\/news\/wp-json\/wp\/v2\/media?parent=2878"}],"wp:term":[{"taxonomy":"category","embeddable":true,"href":"https:\/\/www.chiesedisicilia.org\/chiesedisicilia\/news\/wp-json\/wp\/v2\/categories?post=2878"},{"taxonomy":"post_tag","embeddable":true,"href":"https:\/\/www.chiesedisicilia.org\/chiesedisicilia\/news\/wp-json\/wp\/v2\/tags?post=2878"},{"taxonomy":"news-destination","embeddable":true,"href":"https:\/\/www.chiesedisicilia.org\/chiesedisicilia\/news\/wp-json\/wp\/v2\/news-destination?post=2878"},{"taxonomy":"news-source","embeddable":true,"href":"https:\/\/www.chiesedisicilia.org\/chiesedisicilia\/news\/wp-json\/wp\/v2\/news-source?post=2878"},{"taxonomy":"is_homepage","embeddable":true,"href":"https:\/\/www.chiesedisicilia.org\/chiesedisicilia\/news\/wp-json\/wp\/v2\/is_homepage?post=2878"},{"taxonomy":"ta_other","embeddable":true,"href":"https:\/\/www.chiesedisicilia.org\/chiesedisicilia\/news\/wp-json\/wp\/v2\/ta_other?post=2878"}],"curies":[{"name":"wp","href":"https:\/\/api.w.org\/{rel}","templated":true}]}}