{"id":2853,"date":"2015-02-26T11:42:00","date_gmt":"2015-02-26T10:42:00","guid":{"rendered":"http:\/\/wptestsite.tecnavia.com\/chiesedisicilia_clientsite\/news\/2015\/02\/26\/monreale-chiesa-ed-istituzioni-camminare-insieme\/"},"modified":"2018-11-12T07:58:00","modified_gmt":"2018-01-16T07:58:00","slug":"monreale-chiesa-ed-istituzioni-camminare-insieme","status":"publish","type":"post","link":"https:\/\/www.chiesedisicilia.org\/2015\/02\/26\/monreale-chiesa-ed-istituzioni-camminare-insieme\/","title":{"rendered":"MONREALE. CHIESA ED ISTITUZIONI: &#8220;CAMMINARE INSIEME&#8221;"},"content":{"rendered":"<p class=\"MsoNoSpacing\"><span style=\"font-size: medium;\"><span style=\"font-family: 'Times New Roman';\"><span times=\"\" new=\"\">Sabato 28 febbraio 2015, alle 17.00, presso il Palazzo dei Carmelitani a Partinico<\/span><span times=\"\" new=\"\">, l\u2019arcivescovo di Monreale, mons. Michele Pennisi, nell\u2019ambito delle attivit\u00e0 di preparazione del Sinodo diocesano, incontrer\u00e0 gli amministratori locali, le autorit\u00e0 militari, le associazioni di lavoratori, le associazioni professionali di ispirazione cristiana, i dirigenti sanitari e scolastici, gli imprenditori, e i sindacati.<\/span><\/span><\/span><span style=\"font-size:12.0pt;font-family:\" times=\"\" new=\"\"><o:p><\/o:p><\/span><\/p>\n<p class=\"MsoNoSpacing\"><span style=\"font-size: medium;\"><span style=\"font-family: 'Times New Roman';\"><span times=\"\" new=\"\">&#8220;Il\u00a0rinnovamento della Chiesa di Monreale, che mons. Pennisi chiede con la futura celebrazione del Sinodo diocesano, esige un <i>\u201ccamminare insieme \u2026\u201d<\/i> ma in particolare un ascolto reciproco; ecco perch\u00e9 &#8211; si legge in una nota stampa dell&#8217;Ufficio diocesano per le Comunicazioni sociali &#8211; chiede che siano presenti i professionisti della comunicazione: chi meglio del giornalista che \u00e8 sempre in ascolto del territorio potrebbe aiutarci a definire le \u201cperiferie esistenziali\u201d della Diocesi?&#8221;.<\/span><\/span><\/span><span style=\"font-size:12.0pt;font-family:\" times=\"\" new=\"\"><o:p><\/o:p><\/span><\/p>\n<p class=\"MsoNoSpacing\"><span style=\"font-size: medium;\"><span style=\"font-family: 'Times New Roman';\"><span times=\"\" new=\"\">L\u2019intento dell\u2019arcivescovo \u00e8 quello di invitare tutte le parti &#8220;a mettersi in ascolto gli uni degli altri, per cercare insieme quelle che Papa Francesco chiama &#8216;le periferie esistenziali&#8217; della societ\u00e0 e che, nell\u2019azione missionaria della Chiesa da un lato e, nell\u2019azione sociale, culturale, educativa, politica, economica\u2026 dall\u2019altro lato, rappresentano le emergenze di intervento in cui ognuno nel proprio ruolo e ambito deve sentirsi interpellato a testimoniare il suo essere cristiano.<\/span><\/span><\/span><span style=\"font-size:12.0pt;font-family:\" times=\"\" new=\"\"><o:p><\/o:p><\/span><\/p>\n<p class=\"MsoNoSpacing\"><span style=\"font-size: medium;\"><span style=\"font-family: 'Times New Roman';\"><span times=\"\" new=\"\">Sar\u00e0, quindi don Pasquale La Milia, direttore dell\u2019Ufficio catechistico diocesano di Monreale, a introdurre il senso della richiesta che il Papa stesso, nell\u2019Esortazione apostolica Evangelii Gaudium, fa proprio ai laici cristiani ad &#8216;un reale impegno per l\u2019applicazione del Vangelo alla trasformazione della societ\u00e0&#8217;. In particolare il Santo Padre spinge la sua riflessione perch\u00e9 ognuno possa affermare: \u00abio sono una missione su questa terra, e per questo mi trovo in questo mondo\u2026 \u2013 e continua \u2013 l\u00ec si rivela l\u2019infermiera nell\u2019animo, il maestro nell\u2019animo, il politico nell\u2019animo, quelli che hanno deciso nel profondo di essere con gli altri e per gli altri&#8221;.<\/span><\/span><\/span><span style=\"font-size:12.0pt;font-family:\" times=\"\" new=\"\"><o:p><\/o:p><\/span><\/p>\n<p class=\"MsoNoSpacing\"><span style=\"font-size: medium;\"><span style=\"font-family: 'Times New Roman';\"><span times=\"\" new=\"\">Per ci\u00f2 stesso, il rinnovamento della Chiesa di Monreale, che Mons. Pennisi chiede con la futura celebrazione del Sinodo diocesano, esige un \u201ccamminare insieme\u2026\u201d perch\u00e9, &#8220;se uno divide da una parte il suo dovere e dall\u2019altra la propria vita privata \u2013 per usare ancora le parole di Papa Francesco \u2013 tutto diventa grigio e andr\u00e0 continuamente cercando riconoscimenti o difendendo le proprie esigenze. Smetter\u00e0 di essere popolo&#8221;. [01]<\/span><\/span><\/span><span style=\"font-size:12.0pt;font-family:\" times=\"\" new=\"\"><o:p><\/o:p><\/span><\/p>\n","protected":false},"excerpt":{"rendered":"","protected":false},"author":1,"featured_media":0,"comment_status":"open","ping_status":"open","sticky":false,"template":"","format":"standard","meta":[],"categories":[30],"tags":[],"news-destination":[],"news-source":[],"is_homepage":[],"ta_other":[],"_links":{"self":[{"href":"https:\/\/www.chiesedisicilia.org\/chiesedisicilia\/news\/wp-json\/wp\/v2\/posts\/2853"}],"collection":[{"href":"https:\/\/www.chiesedisicilia.org\/chiesedisicilia\/news\/wp-json\/wp\/v2\/posts"}],"about":[{"href":"https:\/\/www.chiesedisicilia.org\/chiesedisicilia\/news\/wp-json\/wp\/v2\/types\/post"}],"author":[{"embeddable":true,"href":"https:\/\/www.chiesedisicilia.org\/chiesedisicilia\/news\/wp-json\/wp\/v2\/users\/1"}],"replies":[{"embeddable":true,"href":"https:\/\/www.chiesedisicilia.org\/chiesedisicilia\/news\/wp-json\/wp\/v2\/comments?post=2853"}],"version-history":[{"count":1,"href":"https:\/\/www.chiesedisicilia.org\/chiesedisicilia\/news\/wp-json\/wp\/v2\/posts\/2853\/revisions"}],"predecessor-version":[{"id":21332,"href":"https:\/\/www.chiesedisicilia.org\/chiesedisicilia\/news\/wp-json\/wp\/v2\/posts\/2853\/revisions\/21332"}],"wp:attachment":[{"href":"https:\/\/www.chiesedisicilia.org\/chiesedisicilia\/news\/wp-json\/wp\/v2\/media?parent=2853"}],"wp:term":[{"taxonomy":"category","embeddable":true,"href":"https:\/\/www.chiesedisicilia.org\/chiesedisicilia\/news\/wp-json\/wp\/v2\/categories?post=2853"},{"taxonomy":"post_tag","embeddable":true,"href":"https:\/\/www.chiesedisicilia.org\/chiesedisicilia\/news\/wp-json\/wp\/v2\/tags?post=2853"},{"taxonomy":"news-destination","embeddable":true,"href":"https:\/\/www.chiesedisicilia.org\/chiesedisicilia\/news\/wp-json\/wp\/v2\/news-destination?post=2853"},{"taxonomy":"news-source","embeddable":true,"href":"https:\/\/www.chiesedisicilia.org\/chiesedisicilia\/news\/wp-json\/wp\/v2\/news-source?post=2853"},{"taxonomy":"is_homepage","embeddable":true,"href":"https:\/\/www.chiesedisicilia.org\/chiesedisicilia\/news\/wp-json\/wp\/v2\/is_homepage?post=2853"},{"taxonomy":"ta_other","embeddable":true,"href":"https:\/\/www.chiesedisicilia.org\/chiesedisicilia\/news\/wp-json\/wp\/v2\/ta_other?post=2853"}],"curies":[{"name":"wp","href":"https:\/\/api.w.org\/{rel}","templated":true}]}}