{"id":2852,"date":"2015-02-19T13:05:00","date_gmt":"2015-02-19T12:05:00","guid":{"rendered":"http:\/\/wptestsite.tecnavia.com\/chiesedisicilia_clientsite\/news\/2015\/02\/19\/monreale-comunicazioni-sociali-comunicare-la-famiglia\/"},"modified":"2018-11-12T07:58:00","modified_gmt":"2018-01-16T07:58:00","slug":"monreale-comunicazioni-sociali-comunicare-la-famiglia","status":"publish","type":"post","link":"https:\/\/www.chiesedisicilia.org\/2015\/02\/19\/monreale-comunicazioni-sociali-comunicare-la-famiglia\/","title":{"rendered":"MONREALE. COMUNICAZIONI SOCIALI: &#8220;COMUNICARE LA FAMIGLIA&#8221;"},"content":{"rendered":"<div><span style=\"font-size: medium;\"><span style=\"font-family: 'Times New Roman';\">Domenica 22 febbraio 2015, alle 9.30, a Poggio San Francesco (MN), il Direttore nazionale TG Rai3, dott. Vincenzo Morgante e la prof. Ina Siviglia della Facolt\u00e0 Teologica di Sicilia, terranno un incontro di formazione su &#8220;<i>Comunicare la Famiglia: ambiente privilegiato dell\u2019incontro nella gratuit\u00e0 dell\u2019amore&#8221;<\/i>.<\/span><\/span><span style=\"font-size:12.0pt;font-family:\"Times New Roman\",\"serif\"\"><o:p><\/o:p><\/span><\/div>\n<div><span style=\"font-size: medium;\"><span style=\"font-family: 'Times New Roman';\">L\u2019incontro, promosso dall\u2019Ufficio di Pastorale familiare, in collaborazione con l\u2019Ufficio scuola e il Servizio di Pastorale giovanile della diocesi di Monreale, prende le mosse dal recente messaggio di Papa Francesco per la 49\u00b0 Giornata Mondiale delle Comunicazioni Sociali, egli afferma: &#8220;<i>\u00e8 appunto la famiglia, a farci capire che cosa \u00e8 veramente la comunicazione come costruzione di prossimit\u00e0. <\/i><\/span><\/span><span style=\"font-size:12.0pt;font-family:\"Times New Roman\",\"serif\"\"><i><o:p><\/o:p><\/i><\/span><\/div>\n<div><span style=\"font-size: medium;\"><span style=\"font-family: 'Times New Roman';\"><i>La famiglia <\/i>\u2013 continua il Papa \u2013<i> \u00e8 viva se respira aprendosi oltre s\u00e9 stessa. Le famiglie che fanno questo, possono comunicare il loro messaggio di vita e di comunione, possono dare conforto e speranza alle famiglie pi\u00f9 ferite, e far crescere la Chiesa stessa, che \u00e8 famiglia di famiglie&#8221;<\/i>. [01]<\/span><\/span><span style=\"font-size:12.0pt;font-family:\"Times New Roman\",\"serif\"\"><i><o:p><\/o:p><\/i><\/span><\/div>\n","protected":false},"excerpt":{"rendered":"","protected":false},"author":1,"featured_media":0,"comment_status":"open","ping_status":"open","sticky":false,"template":"","format":"standard","meta":[],"categories":[30],"tags":[],"news-destination":[],"news-source":[],"is_homepage":[],"ta_other":[],"_links":{"self":[{"href":"https:\/\/www.chiesedisicilia.org\/chiesedisicilia\/news\/wp-json\/wp\/v2\/posts\/2852"}],"collection":[{"href":"https:\/\/www.chiesedisicilia.org\/chiesedisicilia\/news\/wp-json\/wp\/v2\/posts"}],"about":[{"href":"https:\/\/www.chiesedisicilia.org\/chiesedisicilia\/news\/wp-json\/wp\/v2\/types\/post"}],"author":[{"embeddable":true,"href":"https:\/\/www.chiesedisicilia.org\/chiesedisicilia\/news\/wp-json\/wp\/v2\/users\/1"}],"replies":[{"embeddable":true,"href":"https:\/\/www.chiesedisicilia.org\/chiesedisicilia\/news\/wp-json\/wp\/v2\/comments?post=2852"}],"version-history":[{"count":1,"href":"https:\/\/www.chiesedisicilia.org\/chiesedisicilia\/news\/wp-json\/wp\/v2\/posts\/2852\/revisions"}],"predecessor-version":[{"id":21331,"href":"https:\/\/www.chiesedisicilia.org\/chiesedisicilia\/news\/wp-json\/wp\/v2\/posts\/2852\/revisions\/21331"}],"wp:attachment":[{"href":"https:\/\/www.chiesedisicilia.org\/chiesedisicilia\/news\/wp-json\/wp\/v2\/media?parent=2852"}],"wp:term":[{"taxonomy":"category","embeddable":true,"href":"https:\/\/www.chiesedisicilia.org\/chiesedisicilia\/news\/wp-json\/wp\/v2\/categories?post=2852"},{"taxonomy":"post_tag","embeddable":true,"href":"https:\/\/www.chiesedisicilia.org\/chiesedisicilia\/news\/wp-json\/wp\/v2\/tags?post=2852"},{"taxonomy":"news-destination","embeddable":true,"href":"https:\/\/www.chiesedisicilia.org\/chiesedisicilia\/news\/wp-json\/wp\/v2\/news-destination?post=2852"},{"taxonomy":"news-source","embeddable":true,"href":"https:\/\/www.chiesedisicilia.org\/chiesedisicilia\/news\/wp-json\/wp\/v2\/news-source?post=2852"},{"taxonomy":"is_homepage","embeddable":true,"href":"https:\/\/www.chiesedisicilia.org\/chiesedisicilia\/news\/wp-json\/wp\/v2\/is_homepage?post=2852"},{"taxonomy":"ta_other","embeddable":true,"href":"https:\/\/www.chiesedisicilia.org\/chiesedisicilia\/news\/wp-json\/wp\/v2\/ta_other?post=2852"}],"curies":[{"name":"wp","href":"https:\/\/api.w.org\/{rel}","templated":true}]}}