{"id":2846,"date":"2014-12-29T21:38:00","date_gmt":"2014-12-29T20:38:00","guid":{"rendered":"http:\/\/wptestsite.tecnavia.com\/chiesedisicilia_clientsite\/news\/2014\/12\/29\/monreale-cattedrale-infiltrazioni-di-acqua-mettano-a-rischio-il-tetto\/"},"modified":"2018-11-12T07:58:00","modified_gmt":"2018-01-16T07:58:00","slug":"monreale-cattedrale-infiltrazioni-di-acqua-mettano-a-rischio-il-tetto","status":"publish","type":"post","link":"https:\/\/www.chiesedisicilia.org\/2014\/12\/29\/monreale-cattedrale-infiltrazioni-di-acqua-mettano-a-rischio-il-tetto\/","title":{"rendered":"MONREALE. CATTEDRALE: INFILTRAZIONI DI ACQUA METTANO A RISCHIO IL TETTO"},"content":{"rendered":"<p class=\"MsoNoSpacing\"><span style=\"font-size: medium;\"><span style=\"font-family: 'Times New Roman';\">Infiltrazioni d\u2019acqua all&#8217;interno della Cattedrale di Monreale ne mettono a rischio il soffitto ligneo. Il problema \u00e8 emerso in seguito alle forti precipitazioni che hanno cominciato a cadere sulla citt\u00e0.<\/span><\/span><span style=\"font-size:12.0pt;font-family:\" times=\"\" new=\"\"><o:p><\/o:p><\/span><\/p>\n<p class=\"MsoNoSpacing\"><span style=\"font-size: medium;\"><span style=\"font-family: 'Times New Roman';\">A notare l\u2019anomalia \u00e8 stato don Nicola Gaglio, arciprete della Cattedrale, che ha allertato subito l&#8217;arcivescovo, monsignor Michele Pennisi.<\/span><\/span><span style=\"font-size:12.0pt;font-family:\" times=\"\" new=\"\"><o:p><\/o:p><\/span><\/p>\n<p class=\"MsoNoSpacing\"><span style=\"font-size: medium;\"><span style=\"font-family: 'Times New Roman';\">Il problema si \u00e8 verificato sulla parte destra della chiesa, nella zona vicina alle tombe reali dei due Guglielmo, dove \u00e8 stata notata la presenza sia di acqua a terra, che lungo la parete, ma soprattutto quella di alcuni frammenti di legno e di gesso, ricoperti dallo stucco con il quale questo \u00e8 stato dipinto il tetto. Da una prima verifica sembra che possa esserci qualche microlesione tra il tetto della cattedrale e le pareti, dovuto, probabilmente, a qualche movimento di assestamento del terreno.<\/span><\/span><span style=\"font-size:12.0pt;font-family:\" times=\"\" new=\"\"><o:p><\/o:p><\/span><\/p>\n<p class=\"MsoNoSpacing\"><span style=\"font-size: medium;\"><span style=\"font-family: 'Times New Roman';\">Immediatamente partir\u00e0 l&#8217;iter per la verifica e la soluzione del problema, con un primo sopralluogo degli esperti della Soprintendenza ai Beni Culturali della Regione, che servir\u00e0 a capire con precisione da dove provengono le infiltrazioni. Successivamente, quindi, la situazione potr\u00e0 essere pi\u00f9 chiara, soprattutto in ordine ai lavori da effettuare e, di conseguenza, al loro costo. [01]<\/span><\/span><span style=\"font-size:12.0pt;font-family:\" times=\"\" new=\"\"><o:p><\/o:p><\/span><\/p>\n","protected":false},"excerpt":{"rendered":"","protected":false},"author":1,"featured_media":0,"comment_status":"open","ping_status":"open","sticky":false,"template":"","format":"standard","meta":[],"categories":[30],"tags":[],"news-destination":[],"news-source":[],"is_homepage":[],"ta_other":[],"_links":{"self":[{"href":"https:\/\/www.chiesedisicilia.org\/chiesedisicilia\/news\/wp-json\/wp\/v2\/posts\/2846"}],"collection":[{"href":"https:\/\/www.chiesedisicilia.org\/chiesedisicilia\/news\/wp-json\/wp\/v2\/posts"}],"about":[{"href":"https:\/\/www.chiesedisicilia.org\/chiesedisicilia\/news\/wp-json\/wp\/v2\/types\/post"}],"author":[{"embeddable":true,"href":"https:\/\/www.chiesedisicilia.org\/chiesedisicilia\/news\/wp-json\/wp\/v2\/users\/1"}],"replies":[{"embeddable":true,"href":"https:\/\/www.chiesedisicilia.org\/chiesedisicilia\/news\/wp-json\/wp\/v2\/comments?post=2846"}],"version-history":[{"count":1,"href":"https:\/\/www.chiesedisicilia.org\/chiesedisicilia\/news\/wp-json\/wp\/v2\/posts\/2846\/revisions"}],"predecessor-version":[{"id":21325,"href":"https:\/\/www.chiesedisicilia.org\/chiesedisicilia\/news\/wp-json\/wp\/v2\/posts\/2846\/revisions\/21325"}],"wp:attachment":[{"href":"https:\/\/www.chiesedisicilia.org\/chiesedisicilia\/news\/wp-json\/wp\/v2\/media?parent=2846"}],"wp:term":[{"taxonomy":"category","embeddable":true,"href":"https:\/\/www.chiesedisicilia.org\/chiesedisicilia\/news\/wp-json\/wp\/v2\/categories?post=2846"},{"taxonomy":"post_tag","embeddable":true,"href":"https:\/\/www.chiesedisicilia.org\/chiesedisicilia\/news\/wp-json\/wp\/v2\/tags?post=2846"},{"taxonomy":"news-destination","embeddable":true,"href":"https:\/\/www.chiesedisicilia.org\/chiesedisicilia\/news\/wp-json\/wp\/v2\/news-destination?post=2846"},{"taxonomy":"news-source","embeddable":true,"href":"https:\/\/www.chiesedisicilia.org\/chiesedisicilia\/news\/wp-json\/wp\/v2\/news-source?post=2846"},{"taxonomy":"is_homepage","embeddable":true,"href":"https:\/\/www.chiesedisicilia.org\/chiesedisicilia\/news\/wp-json\/wp\/v2\/is_homepage?post=2846"},{"taxonomy":"ta_other","embeddable":true,"href":"https:\/\/www.chiesedisicilia.org\/chiesedisicilia\/news\/wp-json\/wp\/v2\/ta_other?post=2846"}],"curies":[{"name":"wp","href":"https:\/\/api.w.org\/{rel}","templated":true}]}}