{"id":2842,"date":"2014-12-09T21:54:00","date_gmt":"2014-12-09T20:54:00","guid":{"rendered":"http:\/\/wptestsite.tecnavia.com\/chiesedisicilia_clientsite\/news\/2014\/12\/09\/monreale-nuovi-percorsi-industriali-progetto-sviluppo-legalita-dellirsap\/"},"modified":"2018-11-12T07:58:00","modified_gmt":"2018-01-16T07:58:00","slug":"monreale-nuovi-percorsi-industriali-progetto-sviluppo-legalita-dellirsap","status":"publish","type":"post","link":"https:\/\/www.chiesedisicilia.org\/2014\/12\/09\/monreale-nuovi-percorsi-industriali-progetto-sviluppo-legalita-dellirsap\/","title":{"rendered":"MONREALE. \u201cNUOVI PERCORSI INDUSTRIALI\u201d: PROGETTO SVILUPPO &#038; LEGALIT\u00c0 DELL\u2019IRSAP"},"content":{"rendered":"<div><span style=\"font-size: medium;\"><span style=\"font-family: 'Times New Roman';\">Presso la sede dell\u2019Istituto regionale per lo Sviluppo delle Attivit\u00e0 produttive (IRSAP) dell\u2019Area Industriale di Carini, l\u2019Arcivescovo di Monreale mons. Michele Pennisi, \u00e8 intervenuto ad inizio mese all\u2019inaugurazione del percorso di studio e riflessione dal titolo<span class=\"apple-converted-space\">\u00a0\u201c<\/span>Nuovi percorsi nelle aree industriali della Sicilia: Sviluppo &#038; Legalit\u00e0\u201d.  <\/span><\/span><\/div>\n<p class=\"MsoNoSpacing\"><span style=\"font-size: medium;\"><span style=\"font-family: 'Times New Roman';\">Erano presenti i rappresentanti delle parti sociali, delle istituzioni civili e militari in un confronto comune con gli imprenditori dell\u2019Area Industriale di Carini. Le imprese ed il loro coraggio, e le loro difficolt\u00e0 sono al centro dell\u2019attenzione del Vescovo fin dal suo arrivo in Diocesi. Per questo,<span class=\"apple-converted-space\">\u00a0luned\u00ec<\/span><strong><span style=\"font-weight: normal;\">\u00a015 dicembre<\/span><\/strong>, in collaborazione con l\u2019Ufficio Diocesano per Pastorale Sociale e del Lavoro, l\u2019Arcivescovo, visiter\u00e0 alcune aziende di quest\u2019area.<\/span><\/span><span style=\"font-size:12.0pt;font-family:\"Times New Roman\",\"serif\"\"><o:p><\/o:p><\/span><\/p>\n<p class=\"MsoNoSpacing\"><span style=\"font-size: medium;\"><span style=\"font-family: 'Times New Roman';\">\u201cAll\u2019insegna del binomio inscindibile\u201d, il progetto del percorso Sviluppo &#038; Legalit\u00e0 trover\u00e0 la sua conclusione<span class=\"apple-converted-space\">\u00a0g<\/span>ioved\u00ec 18 dicembre,<span class=\"apple-converted-space\">\u00a0<\/span>alle ore 12.00,<span class=\"apple-converted-space\">\u00a0<\/span>presso l\u2019azienda Omer Srl. Mons. Pennisi ha sottolineato \u201cla valenza storica di un discorso sulla Dottrina Sociale della Chiesa, in cui \u201cessere imprenditori \u00e8 percepire una unit\u00e0 tra la propria attivit\u00e0 ed il cammino umano\u201d. [01]<\/span><\/span><span style=\"font-size:12.0pt;font-family:\"Times New Roman\",\"serif\"\"><o:p><\/o:p><\/span><\/p>\n","protected":false},"excerpt":{"rendered":"","protected":false},"author":1,"featured_media":0,"comment_status":"open","ping_status":"open","sticky":false,"template":"","format":"standard","meta":[],"categories":[30],"tags":[],"news-destination":[],"news-source":[],"is_homepage":[],"ta_other":[],"_links":{"self":[{"href":"https:\/\/www.chiesedisicilia.org\/chiesedisicilia\/news\/wp-json\/wp\/v2\/posts\/2842"}],"collection":[{"href":"https:\/\/www.chiesedisicilia.org\/chiesedisicilia\/news\/wp-json\/wp\/v2\/posts"}],"about":[{"href":"https:\/\/www.chiesedisicilia.org\/chiesedisicilia\/news\/wp-json\/wp\/v2\/types\/post"}],"author":[{"embeddable":true,"href":"https:\/\/www.chiesedisicilia.org\/chiesedisicilia\/news\/wp-json\/wp\/v2\/users\/1"}],"replies":[{"embeddable":true,"href":"https:\/\/www.chiesedisicilia.org\/chiesedisicilia\/news\/wp-json\/wp\/v2\/comments?post=2842"}],"version-history":[{"count":1,"href":"https:\/\/www.chiesedisicilia.org\/chiesedisicilia\/news\/wp-json\/wp\/v2\/posts\/2842\/revisions"}],"predecessor-version":[{"id":21321,"href":"https:\/\/www.chiesedisicilia.org\/chiesedisicilia\/news\/wp-json\/wp\/v2\/posts\/2842\/revisions\/21321"}],"wp:attachment":[{"href":"https:\/\/www.chiesedisicilia.org\/chiesedisicilia\/news\/wp-json\/wp\/v2\/media?parent=2842"}],"wp:term":[{"taxonomy":"category","embeddable":true,"href":"https:\/\/www.chiesedisicilia.org\/chiesedisicilia\/news\/wp-json\/wp\/v2\/categories?post=2842"},{"taxonomy":"post_tag","embeddable":true,"href":"https:\/\/www.chiesedisicilia.org\/chiesedisicilia\/news\/wp-json\/wp\/v2\/tags?post=2842"},{"taxonomy":"news-destination","embeddable":true,"href":"https:\/\/www.chiesedisicilia.org\/chiesedisicilia\/news\/wp-json\/wp\/v2\/news-destination?post=2842"},{"taxonomy":"news-source","embeddable":true,"href":"https:\/\/www.chiesedisicilia.org\/chiesedisicilia\/news\/wp-json\/wp\/v2\/news-source?post=2842"},{"taxonomy":"is_homepage","embeddable":true,"href":"https:\/\/www.chiesedisicilia.org\/chiesedisicilia\/news\/wp-json\/wp\/v2\/is_homepage?post=2842"},{"taxonomy":"ta_other","embeddable":true,"href":"https:\/\/www.chiesedisicilia.org\/chiesedisicilia\/news\/wp-json\/wp\/v2\/ta_other?post=2842"}],"curies":[{"name":"wp","href":"https:\/\/api.w.org\/{rel}","templated":true}]}}