{"id":2839,"date":"2014-10-30T09:44:00","date_gmt":"2014-10-30T08:44:00","guid":{"rendered":"http:\/\/wptestsite.tecnavia.com\/chiesedisicilia_clientsite\/news\/2014\/10\/30\/monreale-pro-sanctitate-giornata-della-santificazione-universale\/"},"modified":"2018-11-12T07:58:00","modified_gmt":"2018-01-16T07:58:00","slug":"monreale-pro-sanctitate-giornata-della-santificazione-universale","status":"publish","type":"post","link":"https:\/\/www.chiesedisicilia.org\/2014\/10\/30\/monreale-pro-sanctitate-giornata-della-santificazione-universale\/","title":{"rendered":"MONREALE. PRO SANCTITATE: GIORNATA DELLA SANTIFICAZIONE UNIVERSALE"},"content":{"rendered":"<p class=\"MsoNoSpacing\"><span style=\"font-size: medium;\"><span style=\"font-family: 'Times New Roman';\">Sabato 1 novembre, con la celebrazione eucaristica presieduta da Mons. Salvatore Di Cristina, Vescovo emerito di Monreale ed assistente ecclesiastico nazionale del movimento, alle ore 11, la Pro Sanctitate celebra la Giornata della Santificazione Universale. Entrata ormai nel calendario liturgico della Chiesa cattolica, la Giornata \u00e8 stata ideata dal fondatore del Movimento Pro Sanctitate, il Vescovo Guglielmo Giaquinta.<\/span><\/span><span style=\"font-size:12.0pt;font-family:\" times=\"\" new=\"\"><o:p><\/o:p><\/span><\/p>\n<p class=\"MsoNoSpacing\"><span style=\"font-size: medium;\"><span style=\"font-family: 'Times New Roman';\">Per il Movimento questa ricorrenza \u00e8 particolarmente importante in quanto conclude le celebrazioni per il centenario della nascita del suo fondatore, che sono culminate a Noto, lo scorso giugno, con un pellegrinaggio alla sua casa natale. I membri del Movimento sono arrivati in Sicilia da diverse parti d\u2019Italia, ma anche da Belgio, Lettonia, Malta e Olanda, dall&#8217;India e dagli Stati Uniti.<\/span><\/span><span style=\"font-size:12.0pt;font-family:\" times=\"\" new=\"\"><o:p><\/o:p><\/span><\/p>\n<p class=\"MsoNoSpacing\"><span style=\"font-size: medium;\"><span style=\"font-family: 'Times New Roman';\">I giovani del Movimento Pro Sanctitate della Sicilia, dopo la celebrazione nel Duomo di Monreale, che avr\u00e0 inizio alle ore 11, hanno organizzato nella piazza Gugliemo II un flash mob per una commemorazione del Servo di Dio Guglielmo Giaquinta e del significato del suo apostolato, che \u00e8 la vocazione universale alla santit\u00e0, poi ripresa dal Concilio Vaticano II nel capitolo V della Costituzione Conciliare Lumen Gentium.<\/span><\/span><span style=\"font-size:12.0pt;font-family:\" times=\"\" new=\"\"><o:p><\/o:p><\/span><\/p>\n<p class=\"MsoNoSpacing\"><span style=\"font-size: medium;\"><span style=\"font-family: 'Times New Roman';\">Testimonianze, canti, espressioni artistiche per rilanciare quanto anche di recente Papa Francesco ha ricordato: \u201cessere santi non \u00e8 un lusso, \u00e8 necessario per la salvezza del mondo. \u00c8 questo che il Signore chiede a noi\u201d. &#8220;Non si tratta per\u00f2 di un &#8216;precetto&#8217; &#8211; si legge in una nota stampa della Pro\u00a0 Sanctitate &#8211; si tratta in realt\u00e0 di una chiamata a realizzare pienamente la nostra umanit\u00e0, rispondendo con amore all&#8217;infinito amore di Dio nostro Padre: una via insomma per la piena realizzazione di se stessi&#8221;. [01]<\/span><\/span><span style=\"font-size:12.0pt;font-family:\" times=\"\" new=\"\"><o:p><\/o:p><\/span><\/p>\n","protected":false},"excerpt":{"rendered":"","protected":false},"author":1,"featured_media":0,"comment_status":"open","ping_status":"open","sticky":false,"template":"","format":"standard","meta":[],"categories":[30],"tags":[],"news-destination":[],"news-source":[],"is_homepage":[],"ta_other":[],"_links":{"self":[{"href":"https:\/\/www.chiesedisicilia.org\/chiesedisicilia\/news\/wp-json\/wp\/v2\/posts\/2839"}],"collection":[{"href":"https:\/\/www.chiesedisicilia.org\/chiesedisicilia\/news\/wp-json\/wp\/v2\/posts"}],"about":[{"href":"https:\/\/www.chiesedisicilia.org\/chiesedisicilia\/news\/wp-json\/wp\/v2\/types\/post"}],"author":[{"embeddable":true,"href":"https:\/\/www.chiesedisicilia.org\/chiesedisicilia\/news\/wp-json\/wp\/v2\/users\/1"}],"replies":[{"embeddable":true,"href":"https:\/\/www.chiesedisicilia.org\/chiesedisicilia\/news\/wp-json\/wp\/v2\/comments?post=2839"}],"version-history":[{"count":1,"href":"https:\/\/www.chiesedisicilia.org\/chiesedisicilia\/news\/wp-json\/wp\/v2\/posts\/2839\/revisions"}],"predecessor-version":[{"id":21318,"href":"https:\/\/www.chiesedisicilia.org\/chiesedisicilia\/news\/wp-json\/wp\/v2\/posts\/2839\/revisions\/21318"}],"wp:attachment":[{"href":"https:\/\/www.chiesedisicilia.org\/chiesedisicilia\/news\/wp-json\/wp\/v2\/media?parent=2839"}],"wp:term":[{"taxonomy":"category","embeddable":true,"href":"https:\/\/www.chiesedisicilia.org\/chiesedisicilia\/news\/wp-json\/wp\/v2\/categories?post=2839"},{"taxonomy":"post_tag","embeddable":true,"href":"https:\/\/www.chiesedisicilia.org\/chiesedisicilia\/news\/wp-json\/wp\/v2\/tags?post=2839"},{"taxonomy":"news-destination","embeddable":true,"href":"https:\/\/www.chiesedisicilia.org\/chiesedisicilia\/news\/wp-json\/wp\/v2\/news-destination?post=2839"},{"taxonomy":"news-source","embeddable":true,"href":"https:\/\/www.chiesedisicilia.org\/chiesedisicilia\/news\/wp-json\/wp\/v2\/news-source?post=2839"},{"taxonomy":"is_homepage","embeddable":true,"href":"https:\/\/www.chiesedisicilia.org\/chiesedisicilia\/news\/wp-json\/wp\/v2\/is_homepage?post=2839"},{"taxonomy":"ta_other","embeddable":true,"href":"https:\/\/www.chiesedisicilia.org\/chiesedisicilia\/news\/wp-json\/wp\/v2\/ta_other?post=2839"}],"curies":[{"name":"wp","href":"https:\/\/api.w.org\/{rel}","templated":true}]}}