{"id":2825,"date":"2014-05-19T19:46:00","date_gmt":"2014-05-19T17:46:00","guid":{"rendered":"http:\/\/wptestsite.tecnavia.com\/chiesedisicilia_clientsite\/news\/2014\/05\/19\/monreale-giovani-e-famiglia-insieme-per-essere-testimoni-gioiosi-del-risorto\/"},"modified":"2018-11-12T07:58:00","modified_gmt":"2018-01-16T07:58:00","slug":"monreale-giovani-e-famiglia-insieme-per-essere-testimoni-gioiosi-del-risorto","status":"publish","type":"post","link":"https:\/\/www.chiesedisicilia.org\/2014\/05\/19\/monreale-giovani-e-famiglia-insieme-per-essere-testimoni-gioiosi-del-risorto\/","title":{"rendered":"MONREALE. GIOVANI E FAMIGLIA INSIEME PER ESSERE &#8220;TESTIMONI GIOIOSI DEL RISORTO&#8221;"},"content":{"rendered":"<p class=\"MsoNormal\"><span style=\"font-size: medium;\"><span style=\"font-family: 'Times New Roman';\"><span style=\"line-height: 115%;\">Giovani e famiglia insieme per essere &#8220;Testimoni gioiosi del Risorto&#8230; perch\u00e9 la vostra gioia sia piena&#8221;. E&#8217; questo il tema dell&#8217;incontro in programma a Bisacquino dal 22 al 25 maggio. Un appuntamento che porta la firma dell&#8217;Ufficio diocesano per la Pastorale familiare e del Servizio diocesano per la Pastorale dei giovani&#8221;.<\/span><\/span><\/span><span style=\"font-size: 12pt; line-height: 115%; font-family: 'Times New Roman', serif; background-position: initial initial; background-repeat: initial initial;\"><o:p><\/o:p><\/span><\/p>\n<p class=\"MsoNormal\"><span style=\"font-size: medium;\"><span style=\"font-family: 'Times New Roman';\"><span style=\"line-height: 115%;\">Il 22 maggio, ad aprire l&#8217;evento, alle ore 11, l&#8217;incontro con gli i ragazzi delle medie. Venerd\u00ec 23, alla stessa ora, l&#8217;incontro con le elementari, e, alle ore 21, la Via lucis per le via del paese.<\/span><\/span><\/span><span style=\"font-size: 12pt; line-height: 115%; font-family: 'Times New Roman', serif; background-position: initial initial; background-repeat: initial initial;\"><o:p><\/o:p><\/span><\/p>\n<p class=\"MsoNormal\"><span style=\"font-size: medium;\"><span style=\"font-family: 'Times New Roman';\"><span style=\"line-height: 115%;\">Sabato, l&#8217;Aula magna &#8220;Don Di Vicenti&#8221; ospiter\u00e0 l&#8217;incontro con gli alunni delle scuole superiori. Alle 21 la fiaccolata verso il Santuario della Madonna del Balzo.<\/span><\/span><\/span><span style=\"font-size: 12pt; line-height: 115%; font-family: 'Times New Roman', serif; background-position: initial initial; background-repeat: initial initial;\"><o:p><\/o:p><\/span><\/p>\n<p class=\"MsoNormal\"><span style=\"font-size: medium;\"><span style=\"font-family: 'Times New Roman';\"><span style=\"line-height: 115%;\">Domenica 25 maggio, il giorno pi\u00f9 intenso: alle ore 9 \u00e8 previsto, infatti, l&#8217;incontro al Santuario da dove, mezzora dopo, in corteo, ci si diriger\u00e0 verso la piazza. Qui, a mezzogiorno, la celebrazione eucaristica presieduta dall&#8217;Arcivescovo, mons,. Michele Pennisi. Alle ore 14.30 la visita ai monumenti della citt\u00e0, e alle ore 16 la grande festa in piazza, dove sar\u00e0 inaugurata la Fiera dell&#8217;Evangelizzazione. [01]<\/span><\/span><\/span><span style=\"font-size: 12pt; line-height: 115%; font-family: 'Times New Roman', serif; background-position: initial initial; background-repeat: initial initial;\"><o:p><\/o:p><\/span><\/p>\n","protected":false},"excerpt":{"rendered":"","protected":false},"author":1,"featured_media":0,"comment_status":"open","ping_status":"open","sticky":false,"template":"","format":"standard","meta":[],"categories":[30],"tags":[],"news-destination":[],"news-source":[],"is_homepage":[],"ta_other":[],"_links":{"self":[{"href":"https:\/\/www.chiesedisicilia.org\/chiesedisicilia\/news\/wp-json\/wp\/v2\/posts\/2825"}],"collection":[{"href":"https:\/\/www.chiesedisicilia.org\/chiesedisicilia\/news\/wp-json\/wp\/v2\/posts"}],"about":[{"href":"https:\/\/www.chiesedisicilia.org\/chiesedisicilia\/news\/wp-json\/wp\/v2\/types\/post"}],"author":[{"embeddable":true,"href":"https:\/\/www.chiesedisicilia.org\/chiesedisicilia\/news\/wp-json\/wp\/v2\/users\/1"}],"replies":[{"embeddable":true,"href":"https:\/\/www.chiesedisicilia.org\/chiesedisicilia\/news\/wp-json\/wp\/v2\/comments?post=2825"}],"version-history":[{"count":1,"href":"https:\/\/www.chiesedisicilia.org\/chiesedisicilia\/news\/wp-json\/wp\/v2\/posts\/2825\/revisions"}],"predecessor-version":[{"id":21306,"href":"https:\/\/www.chiesedisicilia.org\/chiesedisicilia\/news\/wp-json\/wp\/v2\/posts\/2825\/revisions\/21306"}],"wp:attachment":[{"href":"https:\/\/www.chiesedisicilia.org\/chiesedisicilia\/news\/wp-json\/wp\/v2\/media?parent=2825"}],"wp:term":[{"taxonomy":"category","embeddable":true,"href":"https:\/\/www.chiesedisicilia.org\/chiesedisicilia\/news\/wp-json\/wp\/v2\/categories?post=2825"},{"taxonomy":"post_tag","embeddable":true,"href":"https:\/\/www.chiesedisicilia.org\/chiesedisicilia\/news\/wp-json\/wp\/v2\/tags?post=2825"},{"taxonomy":"news-destination","embeddable":true,"href":"https:\/\/www.chiesedisicilia.org\/chiesedisicilia\/news\/wp-json\/wp\/v2\/news-destination?post=2825"},{"taxonomy":"news-source","embeddable":true,"href":"https:\/\/www.chiesedisicilia.org\/chiesedisicilia\/news\/wp-json\/wp\/v2\/news-source?post=2825"},{"taxonomy":"is_homepage","embeddable":true,"href":"https:\/\/www.chiesedisicilia.org\/chiesedisicilia\/news\/wp-json\/wp\/v2\/is_homepage?post=2825"},{"taxonomy":"ta_other","embeddable":true,"href":"https:\/\/www.chiesedisicilia.org\/chiesedisicilia\/news\/wp-json\/wp\/v2\/ta_other?post=2825"}],"curies":[{"name":"wp","href":"https:\/\/api.w.org\/{rel}","templated":true}]}}