{"id":2747,"date":"2018-03-20T12:01:00","date_gmt":"2018-03-20T11:01:00","guid":{"rendered":"http:\/\/wptestsite.tecnavia.com\/chiesedisicilia_clientsite\/news\/2018\/03\/20\/messina-settimana-teologica-su-giovani-e-fede-un-incontro-possibile\/"},"modified":"2018-11-12T07:57:59","modified_gmt":"2018-01-16T07:57:59","slug":"messina-settimana-teologica-su-giovani-e-fede-un-incontro-possibile","status":"publish","type":"post","link":"https:\/\/www.chiesedisicilia.org\/2018\/03\/20\/messina-settimana-teologica-su-giovani-e-fede-un-incontro-possibile\/","title":{"rendered":"MESSINA. SETTIMANA TEOLOGICA SU \u201cGIOVANI E FEDE: UN INCONTRO POSSIBILE?\u201d"},"content":{"rendered":"<p class=\"MsoNoSpacing\"><span style=\"font-size: medium;\"><span style=\"font-family: \"Times New Roman\";\"><span style=\"background-image: initial; background-position: initial; background-size: initial; background-repeat: initial; background-attachment: initial; background-origin: initial; background-clip: initial;\">Prender\u00e0 il via da luned\u00ec 19 marzo 2018, alle 18, e continuer\u00e0 fino a mercoled\u00ec 21, nella parrocchia Santa Caterina, a Messina, la trentasettesima edizione della Settimana teologica, che quest\u2019anno ha per tema \u201cGiovani e fede: un incontro possibile?\u201d. Dopo l\u2019introduzione ai lavori da parte del vicario episcopale per il laicato, mons. Tindaro Cocivera, e l\u2019intervento della Schola Gregoriana Messanensis, diretta dal maestro Giovanni Lombardo, il teologo Robert Cheaib interverr\u00e0 sul tema \u201cGiovani e fede: un incontro possibile?\u201d. Marted\u00ec 20 marzo, lo scrittore e saggista Andrea Monda interverr\u00e0 sul tema \u201cIn ascolto dei giovani\u201d, dialogando con Caterina Donato, Rosanna Tomasello e Nico Lotta. Infine, mercoled\u00ec 21 marzo, il professore Marcello Tempesta rifletter\u00e0 su \u201cIncontro tra le generazioni\u201d. [01]<\/span><\/span><\/span><b><span style=\"font-size:12.0pt;font-family:\n\"Times New Roman\",\"serif\"\"><o:p><\/o:p><\/span><\/b><\/p>\n","protected":false},"excerpt":{"rendered":"","protected":false},"author":1,"featured_media":0,"comment_status":"open","ping_status":"open","sticky":false,"template":"","format":"standard","meta":[],"categories":[30],"tags":[],"news-destination":[],"news-source":[],"is_homepage":[],"ta_other":[],"_links":{"self":[{"href":"https:\/\/www.chiesedisicilia.org\/chiesedisicilia\/news\/wp-json\/wp\/v2\/posts\/2747"}],"collection":[{"href":"https:\/\/www.chiesedisicilia.org\/chiesedisicilia\/news\/wp-json\/wp\/v2\/posts"}],"about":[{"href":"https:\/\/www.chiesedisicilia.org\/chiesedisicilia\/news\/wp-json\/wp\/v2\/types\/post"}],"author":[{"embeddable":true,"href":"https:\/\/www.chiesedisicilia.org\/chiesedisicilia\/news\/wp-json\/wp\/v2\/users\/1"}],"replies":[{"embeddable":true,"href":"https:\/\/www.chiesedisicilia.org\/chiesedisicilia\/news\/wp-json\/wp\/v2\/comments?post=2747"}],"version-history":[{"count":1,"href":"https:\/\/www.chiesedisicilia.org\/chiesedisicilia\/news\/wp-json\/wp\/v2\/posts\/2747\/revisions"}],"predecessor-version":[{"id":21228,"href":"https:\/\/www.chiesedisicilia.org\/chiesedisicilia\/news\/wp-json\/wp\/v2\/posts\/2747\/revisions\/21228"}],"wp:attachment":[{"href":"https:\/\/www.chiesedisicilia.org\/chiesedisicilia\/news\/wp-json\/wp\/v2\/media?parent=2747"}],"wp:term":[{"taxonomy":"category","embeddable":true,"href":"https:\/\/www.chiesedisicilia.org\/chiesedisicilia\/news\/wp-json\/wp\/v2\/categories?post=2747"},{"taxonomy":"post_tag","embeddable":true,"href":"https:\/\/www.chiesedisicilia.org\/chiesedisicilia\/news\/wp-json\/wp\/v2\/tags?post=2747"},{"taxonomy":"news-destination","embeddable":true,"href":"https:\/\/www.chiesedisicilia.org\/chiesedisicilia\/news\/wp-json\/wp\/v2\/news-destination?post=2747"},{"taxonomy":"news-source","embeddable":true,"href":"https:\/\/www.chiesedisicilia.org\/chiesedisicilia\/news\/wp-json\/wp\/v2\/news-source?post=2747"},{"taxonomy":"is_homepage","embeddable":true,"href":"https:\/\/www.chiesedisicilia.org\/chiesedisicilia\/news\/wp-json\/wp\/v2\/is_homepage?post=2747"},{"taxonomy":"ta_other","embeddable":true,"href":"https:\/\/www.chiesedisicilia.org\/chiesedisicilia\/news\/wp-json\/wp\/v2\/ta_other?post=2747"}],"curies":[{"name":"wp","href":"https:\/\/api.w.org\/{rel}","templated":true}]}}