{"id":2739,"date":"2017-12-14T20:51:00","date_gmt":"2017-12-14T19:51:00","guid":{"rendered":"http:\/\/wptestsite.tecnavia.com\/chiesedisicilia_clientsite\/news\/2017\/12\/14\/messina-natale-larcivescovo-incontra-i-giornalisti-2\/"},"modified":"2018-11-12T07:57:59","modified_gmt":"2018-01-16T07:57:59","slug":"messina-natale-larcivescovo-incontra-i-giornalisti-2","status":"publish","type":"post","link":"https:\/\/www.chiesedisicilia.org\/2017\/12\/14\/messina-natale-larcivescovo-incontra-i-giornalisti-2\/","title":{"rendered":"MESSINA. NATALE: L\u2019ARCIVESCOVO INCONTRA I GIORNALISTI"},"content":{"rendered":"<div><span style=\"font-size: medium;\"><span style=\"font-family: \" times=\"\" new=\"\">Mercoled\u00ec 20 dicembre 2017, dalle ore 10.30 alle ore 12.30,\u00a0presso il Palazzo arcivescovile, l&#8217;arcivescovo mons. Giovanni Accolla incontrer\u00e0 i giornalisti per rendere noto il suo\u00a0messaggio per il Natale 2017\u00a0indirizzato all\u2019Arcidiocesi e alla Citt\u00e0. Nel corso di questo incontro sar\u00e0 data ai partecipanti la possibilit\u00e0 di porre delle domande al presule circa questo primo anno alla guida dell\u2019arcidiocesi.<\/span><\/span><span style=\"font-size: 12pt; font-family: \" times=\"\" new=\"\"><o:p><\/o:p><\/span><\/div>\n<div><span style=\"font-size: medium;\"><span style=\"font-family: \" times=\"\" new=\"\">Nel corso dell&#8217;incontro sar\u00e0 distribuito sia il\u00a0testo del messaggio che il\u00a0video\u00a0dello stesso in formato idoneo per la trasmissione televisiva e\u00a0l&#8217;audio\u00a0per la trasmissione radiofonica.<\/span><\/span><span style=\"font-size: 12pt; font-family: \" times=\"\" new=\"\"><o:p><\/o:p><\/span><\/div>\n<div><span style=\"font-size: medium;\"><span style=\"font-family: \" times=\"\" new=\"\">Sabato 23 dicembre, invece, alle ore 11, sempre\u00a0presso il Palazzo arcivescovile,\u00a0si terr\u00e0 l\u2019incontro con l\u2019arcivescovo per lo scambio degli auguri in prossimit\u00e0 del Natale. Questo appuntamento \u00e8 aperto a tutti i cittadini e i fedeli dell\u2019Arcidiocesi. [01]<\/span><\/span><span style=\"font-size: 12pt; font-family: \" times=\"\" new=\"\"><o:p><\/o:p><\/span><\/div>\n","protected":false},"excerpt":{"rendered":"","protected":false},"author":1,"featured_media":0,"comment_status":"open","ping_status":"open","sticky":false,"template":"","format":"standard","meta":[],"categories":[30],"tags":[],"news-destination":[],"news-source":[],"is_homepage":[],"ta_other":[],"_links":{"self":[{"href":"https:\/\/www.chiesedisicilia.org\/chiesedisicilia\/news\/wp-json\/wp\/v2\/posts\/2739"}],"collection":[{"href":"https:\/\/www.chiesedisicilia.org\/chiesedisicilia\/news\/wp-json\/wp\/v2\/posts"}],"about":[{"href":"https:\/\/www.chiesedisicilia.org\/chiesedisicilia\/news\/wp-json\/wp\/v2\/types\/post"}],"author":[{"embeddable":true,"href":"https:\/\/www.chiesedisicilia.org\/chiesedisicilia\/news\/wp-json\/wp\/v2\/users\/1"}],"replies":[{"embeddable":true,"href":"https:\/\/www.chiesedisicilia.org\/chiesedisicilia\/news\/wp-json\/wp\/v2\/comments?post=2739"}],"version-history":[{"count":1,"href":"https:\/\/www.chiesedisicilia.org\/chiesedisicilia\/news\/wp-json\/wp\/v2\/posts\/2739\/revisions"}],"predecessor-version":[{"id":21222,"href":"https:\/\/www.chiesedisicilia.org\/chiesedisicilia\/news\/wp-json\/wp\/v2\/posts\/2739\/revisions\/21222"}],"wp:attachment":[{"href":"https:\/\/www.chiesedisicilia.org\/chiesedisicilia\/news\/wp-json\/wp\/v2\/media?parent=2739"}],"wp:term":[{"taxonomy":"category","embeddable":true,"href":"https:\/\/www.chiesedisicilia.org\/chiesedisicilia\/news\/wp-json\/wp\/v2\/categories?post=2739"},{"taxonomy":"post_tag","embeddable":true,"href":"https:\/\/www.chiesedisicilia.org\/chiesedisicilia\/news\/wp-json\/wp\/v2\/tags?post=2739"},{"taxonomy":"news-destination","embeddable":true,"href":"https:\/\/www.chiesedisicilia.org\/chiesedisicilia\/news\/wp-json\/wp\/v2\/news-destination?post=2739"},{"taxonomy":"news-source","embeddable":true,"href":"https:\/\/www.chiesedisicilia.org\/chiesedisicilia\/news\/wp-json\/wp\/v2\/news-source?post=2739"},{"taxonomy":"is_homepage","embeddable":true,"href":"https:\/\/www.chiesedisicilia.org\/chiesedisicilia\/news\/wp-json\/wp\/v2\/is_homepage?post=2739"},{"taxonomy":"ta_other","embeddable":true,"href":"https:\/\/www.chiesedisicilia.org\/chiesedisicilia\/news\/wp-json\/wp\/v2\/ta_other?post=2739"}],"curies":[{"name":"wp","href":"https:\/\/api.w.org\/{rel}","templated":true}]}}