{"id":2724,"date":"2017-05-24T09:51:00","date_gmt":"2017-05-24T07:51:00","guid":{"rendered":"http:\/\/wptestsite.tecnavia.com\/chiesedisicilia_clientsite\/news\/2017\/05\/24\/messina-giornata-diocesana-della-legalita\/"},"modified":"2018-11-12T07:57:59","modified_gmt":"2018-01-16T07:57:59","slug":"messina-giornata-diocesana-della-legalita","status":"publish","type":"post","link":"https:\/\/www.chiesedisicilia.org\/2017\/05\/24\/messina-giornata-diocesana-della-legalita\/","title":{"rendered":"MESSINA. GIORNATA DIOCESANA DELLA LEGALITA&#8217;"},"content":{"rendered":"<div><span style=\"font-size:12.0pt;font-family:\"Times New Roman\",\"serif\"\"><span style=\"font-size: medium;\"><span style=\"font-family: \"Times New Roman\";\">L\u2019Ufficio diocesano per i Problemi sociali e il Lavoro celebra la Giornata diocesana della Legalit\u00e0 nel ricordo della Strage di Capaci e invita le parrocchie, le associazioni ed i movimenti\u00a0 dell&#8217;arcidiocesi ad alcuni momenti di riflessione utili per una crescita delle nostre Comunit\u00e0.<\/span><\/span><o:p><\/o:p><\/span><\/div>\n<div><span style=\"font-size: medium;\"><span style=\"font-family: \"Times New Roman\";\">Il programma prevede:<\/span><\/span><span style=\"font-size:12.0pt;font-family:\"Times New Roman\",\"serif\"\"><o:p><\/o:p><\/span><\/div>\n<div><span style=\"font-size: medium;\"><span style=\"font-family: \"Times New Roman\";\">\u00a0<\/span><\/span><span style=\"font-size:12.0pt;font-family:\"Times New Roman\",\"serif\"\"><o:p><\/o:p><\/span><\/div>\n<div><span style=\"font-size: medium;\"><span style=\"font-family: \"Times New Roman\";\"><b>LUNED\u00cc 22 MAGGIO 2017<\/b><\/span><\/span><b><span style=\"font-size:12.0pt;font-family:\"Times New Roman\",\"serif\"\"><o:p><\/o:p><\/span><\/b><\/div>\n<div><span style=\"font-size: medium;\"><span style=\"font-family: \"Times New Roman\";\">&#8211; alle ore 12.00, in via XXIV Maggio (Rampa Rosa Donato): incontro organizzato dal MCL, Movimento cristiano lavoratori di Messina, che doner\u00e0 una pianta di ulivo \u201cPer lo sviluppo contro le mafie\u201d in occasione dei 25 anni dalla Strage di Capaci &#8220;per ribadire il proprio no ad ogni forma di mafia&#8221;;<\/span><\/span><span style=\"font-size:12.0pt;font-family:\"Times New Roman\",\"serif\"\"><o:p><\/o:p><\/span><\/div>\n<div><span style=\"font-size: medium;\"><span style=\"font-family: \"Times New Roman\";\">&#8211; alle ore 19.00, presso la sede MCL, in via Romagnosi, incontro per elaborare e diffondere un\u2019autentica cultura dei valori civili, imparare a rispettare e diffondere i diritti dell\u2019altro. Saranno presenti Antonio Saitta, prorettore alla Legalit\u00e0, trasparenza e ai processi amministrativi dell\u2019Universit\u00e0 degli Studi di Messina ed Enrico Pistorino, segretario generale di Addiopizzo Messina.\u00a0 <\/span><\/span><span style=\"font-size:12.0pt;font-family:\"Times New Roman\",\"serif\"\"><o:p><\/o:p><\/span><\/div>\n<div><span style=\"font-size: medium;\"><span style=\"font-family: \"Times New Roman\";\">&#8211; alle ore 19.00, nella parrocchia S. Famiglia, al Villaggio Cep: incontro sul tema della Legal\u00f2it\u00e0, destinato agli adolescenti e ai giovani ed aperto a tutta la comunit\u00e0. Sar\u00e0 presente Tiziana Tracuzzi, Referente del Presidio di Libera a Messina. <\/span><\/span><span style=\"font-size:12.0pt;font-family:\"Times New Roman\",\"serif\"\"><o:p><\/o:p><\/span><\/div>\n<div><span style=\"font-size: medium;\"><span style=\"font-family: \"Times New Roman\";\">\u00a0<\/span><\/span><\/div>\n<div><span style=\"font-size: medium;\"><span style=\"font-family: \"Times New Roman\";\"><b>MARTED\u00cc 23 MAGGIO 2017<\/b><\/span><\/span><span style=\"font-size:12.0pt;font-family:\"Times New Roman\",\"serif\"\"><o:p><\/o:p><\/span><\/div>\n<div><span style=\"font-size: medium;\"><span style=\"font-family: \"Times New Roman\";\">&#8211; alle ore 18.00, nella propria sede in Via I Settembre, l\u2019Azione Cattolica celebra la Giornata della Legalit\u00e0 (\u201cRicordare Capaci\u201d). Il titolo della Giornata \u201cLEGALIT\u00c0 E BENE COMUNE: PER UN LAVORO ETICAMENTE POSSIBILE\u201d (organizzata in collaborazione con Ucid, Libera e Addiopizzo) pone\u00a0 l&#8217;attenzione sul lavoro, in collegamento con il tema della Settimana Sociale che si svolger\u00e0 a Cagliari dal 26 al 29 ottobre. Approfondiranno il tema Luigi D&#8217;Andrea, ordinario di Diritto costituzionale presso l&#8217;Universit\u00e0 di Messina, e Tonino Genovese, Segretario generale della CISL; modera l&#8217;incontro la giornalista Rachele Gerace. <\/span><\/span><span style=\"font-size:12.0pt;font-family:\"Times New Roman\",\"serif\"\"><o:p><\/o:p><\/span><\/div>\n<div><span style=\"font-size: medium;\"><span style=\"font-family: \"Times New Roman\";\">\u00a0<\/span><\/span><span style=\"font-size:12.0pt;font-family:\"Times New Roman\",\"serif\"\"><o:p><\/o:p><\/span><\/div>\n<div><span style=\"font-size: medium;\"><span style=\"font-family: \"Times New Roman\";\"><b>MERCOLED\u00cc 24 MAGGIO 2017<\/b><\/span><\/span><b><span style=\"font-size:12.0pt;font-family:\"Times New Roman\",\"serif\"\"><o:p><\/o:p><\/span><\/b><\/div>\n<div><span style=\"font-size: medium;\"><span style=\"font-family: \"Times New Roman\";\"><b>&#8211;<\/b> alle ore 10.30, presso il bene confiscato alla mafia di Via Roosevelt, il Comitato Addiopizzo Messina organizza l\u2019incontro dal titolo &#8220;CAPACI. IL GIORNO DOPO\u201d. L\u2019incontro si terr\u00e0 non a caso \u201cil giorno dopo\u201d l\u2019anniversario dell\u2019attentato proprio perch\u00e9 vuole essere incentrato su tutto quello che accadde a seguito ed in conseguenza della strage. All\u2019incontro prenderanno parte la Consulta Provinciale degli Studenti e il fotografo Antonio Vassallo che ha documento nell\u2019immediatezza dei fatti la portata e gli effetti dell\u2019attentato. [01]<\/span><\/span><span style=\"font-size:12.0pt;font-family:\"Times New Roman\",\"serif\"\"><o:p><\/o:p><\/span><\/div>\n","protected":false},"excerpt":{"rendered":"","protected":false},"author":1,"featured_media":0,"comment_status":"open","ping_status":"open","sticky":false,"template":"","format":"standard","meta":[],"categories":[30],"tags":[],"news-destination":[],"news-source":[],"is_homepage":[],"ta_other":[],"_links":{"self":[{"href":"https:\/\/www.chiesedisicilia.org\/chiesedisicilia\/news\/wp-json\/wp\/v2\/posts\/2724"}],"collection":[{"href":"https:\/\/www.chiesedisicilia.org\/chiesedisicilia\/news\/wp-json\/wp\/v2\/posts"}],"about":[{"href":"https:\/\/www.chiesedisicilia.org\/chiesedisicilia\/news\/wp-json\/wp\/v2\/types\/post"}],"author":[{"embeddable":true,"href":"https:\/\/www.chiesedisicilia.org\/chiesedisicilia\/news\/wp-json\/wp\/v2\/users\/1"}],"replies":[{"embeddable":true,"href":"https:\/\/www.chiesedisicilia.org\/chiesedisicilia\/news\/wp-json\/wp\/v2\/comments?post=2724"}],"version-history":[{"count":1,"href":"https:\/\/www.chiesedisicilia.org\/chiesedisicilia\/news\/wp-json\/wp\/v2\/posts\/2724\/revisions"}],"predecessor-version":[{"id":21206,"href":"https:\/\/www.chiesedisicilia.org\/chiesedisicilia\/news\/wp-json\/wp\/v2\/posts\/2724\/revisions\/21206"}],"wp:attachment":[{"href":"https:\/\/www.chiesedisicilia.org\/chiesedisicilia\/news\/wp-json\/wp\/v2\/media?parent=2724"}],"wp:term":[{"taxonomy":"category","embeddable":true,"href":"https:\/\/www.chiesedisicilia.org\/chiesedisicilia\/news\/wp-json\/wp\/v2\/categories?post=2724"},{"taxonomy":"post_tag","embeddable":true,"href":"https:\/\/www.chiesedisicilia.org\/chiesedisicilia\/news\/wp-json\/wp\/v2\/tags?post=2724"},{"taxonomy":"news-destination","embeddable":true,"href":"https:\/\/www.chiesedisicilia.org\/chiesedisicilia\/news\/wp-json\/wp\/v2\/news-destination?post=2724"},{"taxonomy":"news-source","embeddable":true,"href":"https:\/\/www.chiesedisicilia.org\/chiesedisicilia\/news\/wp-json\/wp\/v2\/news-source?post=2724"},{"taxonomy":"is_homepage","embeddable":true,"href":"https:\/\/www.chiesedisicilia.org\/chiesedisicilia\/news\/wp-json\/wp\/v2\/is_homepage?post=2724"},{"taxonomy":"ta_other","embeddable":true,"href":"https:\/\/www.chiesedisicilia.org\/chiesedisicilia\/news\/wp-json\/wp\/v2\/ta_other?post=2724"}],"curies":[{"name":"wp","href":"https:\/\/api.w.org\/{rel}","templated":true}]}}