{"id":2711,"date":"2016-11-17T19:52:00","date_gmt":"2016-11-17T18:52:00","guid":{"rendered":"http:\/\/wptestsite.tecnavia.com\/chiesedisicilia_clientsite\/news\/2016\/11\/17\/messina-giornata-sociale-diocesana-abitare-da-cristiani-la-citta\/"},"modified":"2018-11-12T07:57:59","modified_gmt":"2018-01-16T07:57:59","slug":"messina-giornata-sociale-diocesana-abitare-da-cristiani-la-citta","status":"publish","type":"post","link":"https:\/\/www.chiesedisicilia.org\/2016\/11\/17\/messina-giornata-sociale-diocesana-abitare-da-cristiani-la-citta\/","title":{"rendered":"MESSINA. GIORNATA SOCIALE DIOCESANA: &#8220;ABITARE DA CRISTIANI LA CITTA'&#8221;"},"content":{"rendered":"<div><span style=\"font-size:12.0pt;font-family:\"Times New Roman\",\"serif\"\"><span style=\"font-size: medium;\"><span style=\"font-family: \"Times New Roman\";\">Quella che verr\u00e0 celebrata sabato 19 novembre 2016 \u00e8 la terza edizione della Giornata sociale diocesana organizzata dall&#8217;Ufficio diretto da don Sergio Siracusano. L&#8217;appuntamento si terr\u00e0 presso l&#8217;Aula \u201cCannizzaro\u201d della Universit\u00e0 degli Studi di Messina.<br \/> &#8220;Sar\u00e0 un altro tassello nel cammino compiuto in questi anni \u00a0&#8211; scrive don Siracusano &#8211; per &#8220;abitare da cristiani la citt\u00e0&#8221;\u00a0 e l&#8217;occasione per avviare \u201cI laboratori territoriali di Pastorale Sociale come strumento di democrazia deliberativa\u201d.<\/span><\/span><o:p><\/o:p><\/span><\/div>\n<div><span style=\"font-size: medium;\"><span style=\"font-family: \"Times New Roman\";\">Con l&#8217;aiuto di Dino Calderone ed Enrico Pistorino si cercher\u00e0 di &#8220;definire gli obiettivi e le priorit\u00e0 per una Pastorale sociale incisiva&#8221; e si dar\u00e0 avvio ai Tavoli di Lavoro che poi si svolgeranno nei prossimi mesi a S. Matteo &#8211; Giostra, alla S. Famiglia &#8211; Cep, a S. Caterina e a Terme Vigliatore.<br \/> Partecipano ai tavoli anche diversi gruppi e movimenti che gi\u00e0 aderiscono alla Commissione: Addiopizzo, Agesci, Acli, AlleanzaCattolica, Azione Cattolica, Cdo, Cisl, CL, Coldiretti, Comunit\u00e0 S. Egidio, Confartigianato,Confcooperative, Masci, Mcl, Presidio Libera, Salesiani Cooperatori,\u00a0 Ucid. [01]<\/span><\/span><span style=\"font-size:12.0pt;font-family:\"Times New Roman\",\"serif\"\"><o:p><\/o:p><\/span><\/div>\n","protected":false},"excerpt":{"rendered":"","protected":false},"author":1,"featured_media":0,"comment_status":"open","ping_status":"open","sticky":false,"template":"","format":"standard","meta":[],"categories":[30],"tags":[],"news-destination":[],"news-source":[],"is_homepage":[],"ta_other":[],"_links":{"self":[{"href":"https:\/\/www.chiesedisicilia.org\/chiesedisicilia\/news\/wp-json\/wp\/v2\/posts\/2711"}],"collection":[{"href":"https:\/\/www.chiesedisicilia.org\/chiesedisicilia\/news\/wp-json\/wp\/v2\/posts"}],"about":[{"href":"https:\/\/www.chiesedisicilia.org\/chiesedisicilia\/news\/wp-json\/wp\/v2\/types\/post"}],"author":[{"embeddable":true,"href":"https:\/\/www.chiesedisicilia.org\/chiesedisicilia\/news\/wp-json\/wp\/v2\/users\/1"}],"replies":[{"embeddable":true,"href":"https:\/\/www.chiesedisicilia.org\/chiesedisicilia\/news\/wp-json\/wp\/v2\/comments?post=2711"}],"version-history":[{"count":1,"href":"https:\/\/www.chiesedisicilia.org\/chiesedisicilia\/news\/wp-json\/wp\/v2\/posts\/2711\/revisions"}],"predecessor-version":[{"id":21195,"href":"https:\/\/www.chiesedisicilia.org\/chiesedisicilia\/news\/wp-json\/wp\/v2\/posts\/2711\/revisions\/21195"}],"wp:attachment":[{"href":"https:\/\/www.chiesedisicilia.org\/chiesedisicilia\/news\/wp-json\/wp\/v2\/media?parent=2711"}],"wp:term":[{"taxonomy":"category","embeddable":true,"href":"https:\/\/www.chiesedisicilia.org\/chiesedisicilia\/news\/wp-json\/wp\/v2\/categories?post=2711"},{"taxonomy":"post_tag","embeddable":true,"href":"https:\/\/www.chiesedisicilia.org\/chiesedisicilia\/news\/wp-json\/wp\/v2\/tags?post=2711"},{"taxonomy":"news-destination","embeddable":true,"href":"https:\/\/www.chiesedisicilia.org\/chiesedisicilia\/news\/wp-json\/wp\/v2\/news-destination?post=2711"},{"taxonomy":"news-source","embeddable":true,"href":"https:\/\/www.chiesedisicilia.org\/chiesedisicilia\/news\/wp-json\/wp\/v2\/news-source?post=2711"},{"taxonomy":"is_homepage","embeddable":true,"href":"https:\/\/www.chiesedisicilia.org\/chiesedisicilia\/news\/wp-json\/wp\/v2\/is_homepage?post=2711"},{"taxonomy":"ta_other","embeddable":true,"href":"https:\/\/www.chiesedisicilia.org\/chiesedisicilia\/news\/wp-json\/wp\/v2\/ta_other?post=2711"}],"curies":[{"name":"wp","href":"https:\/\/api.w.org\/{rel}","templated":true}]}}