{"id":2699,"date":"2016-06-14T11:10:00","date_gmt":"2016-06-14T09:10:00","guid":{"rendered":"http:\/\/wptestsite.tecnavia.com\/chiesedisicilia_clientsite\/news\/2016\/06\/14\/messina-mostra-dei-talenti-alloratorio-san-luigi-guanella\/"},"modified":"2018-11-12T07:57:58","modified_gmt":"2018-01-16T07:57:58","slug":"messina-mostra-dei-talenti-alloratorio-san-luigi-guanella","status":"publish","type":"post","link":"https:\/\/www.chiesedisicilia.org\/2016\/06\/14\/messina-mostra-dei-talenti-alloratorio-san-luigi-guanella\/","title":{"rendered":"MESSINA. &#8220;MOSTRA DEI TALENTI&#8221; ALL&#8217;ORATORIO SAN LUIGI GUANELLA"},"content":{"rendered":"<div><small><span style=\"font-size: medium;\"><span style=\"font-family: \"Times New Roman\";\">E&#8217; giunta alla sua quinta edizione la &#8220;Mostra dei telanti&#8221; organizzata dal laboratorio artigianale parrocchiale dell&#8217;Oratorio don Guanella di Messina. Dal 15 al 19 giugno 2016, proprio all&#8217;interno della struttura gestita dai guanelliani a Fondo Fucile, saranno esposti lavori di pittura, scultura, fotografia, poesia, ricamo, cucito, modellismo, traforo o altre espressione artistiche realizzate da persone di tutte le et\u00e0. L&#8217;inaugurazione della mostra \u00e8 provista per mercoled\u00ec 15 alle ore 17.30, mentre si potranno ammirare le opere esposte tutti i pomeriggi, dalle ore 16 alle ore 19 e domanica dalle ore 10.30 alle ore 12.30. [01]<\/span><\/span><\/small><\/div>\n","protected":false},"excerpt":{"rendered":"","protected":false},"author":1,"featured_media":0,"comment_status":"open","ping_status":"open","sticky":false,"template":"","format":"standard","meta":[],"categories":[30],"tags":[],"news-destination":[],"news-source":[],"is_homepage":[],"ta_other":[],"_links":{"self":[{"href":"https:\/\/www.chiesedisicilia.org\/chiesedisicilia\/news\/wp-json\/wp\/v2\/posts\/2699"}],"collection":[{"href":"https:\/\/www.chiesedisicilia.org\/chiesedisicilia\/news\/wp-json\/wp\/v2\/posts"}],"about":[{"href":"https:\/\/www.chiesedisicilia.org\/chiesedisicilia\/news\/wp-json\/wp\/v2\/types\/post"}],"author":[{"embeddable":true,"href":"https:\/\/www.chiesedisicilia.org\/chiesedisicilia\/news\/wp-json\/wp\/v2\/users\/1"}],"replies":[{"embeddable":true,"href":"https:\/\/www.chiesedisicilia.org\/chiesedisicilia\/news\/wp-json\/wp\/v2\/comments?post=2699"}],"version-history":[{"count":1,"href":"https:\/\/www.chiesedisicilia.org\/chiesedisicilia\/news\/wp-json\/wp\/v2\/posts\/2699\/revisions"}],"predecessor-version":[{"id":21183,"href":"https:\/\/www.chiesedisicilia.org\/chiesedisicilia\/news\/wp-json\/wp\/v2\/posts\/2699\/revisions\/21183"}],"wp:attachment":[{"href":"https:\/\/www.chiesedisicilia.org\/chiesedisicilia\/news\/wp-json\/wp\/v2\/media?parent=2699"}],"wp:term":[{"taxonomy":"category","embeddable":true,"href":"https:\/\/www.chiesedisicilia.org\/chiesedisicilia\/news\/wp-json\/wp\/v2\/categories?post=2699"},{"taxonomy":"post_tag","embeddable":true,"href":"https:\/\/www.chiesedisicilia.org\/chiesedisicilia\/news\/wp-json\/wp\/v2\/tags?post=2699"},{"taxonomy":"news-destination","embeddable":true,"href":"https:\/\/www.chiesedisicilia.org\/chiesedisicilia\/news\/wp-json\/wp\/v2\/news-destination?post=2699"},{"taxonomy":"news-source","embeddable":true,"href":"https:\/\/www.chiesedisicilia.org\/chiesedisicilia\/news\/wp-json\/wp\/v2\/news-source?post=2699"},{"taxonomy":"is_homepage","embeddable":true,"href":"https:\/\/www.chiesedisicilia.org\/chiesedisicilia\/news\/wp-json\/wp\/v2\/is_homepage?post=2699"},{"taxonomy":"ta_other","embeddable":true,"href":"https:\/\/www.chiesedisicilia.org\/chiesedisicilia\/news\/wp-json\/wp\/v2\/ta_other?post=2699"}],"curies":[{"name":"wp","href":"https:\/\/api.w.org\/{rel}","templated":true}]}}