{"id":2693,"date":"2016-04-21T10:57:00","date_gmt":"2016-04-21T08:57:00","guid":{"rendered":"http:\/\/wptestsite.tecnavia.com\/chiesedisicilia_clientsite\/news\/2016\/04\/21\/messina-giornata-diocesana-della-vita-consacrata\/"},"modified":"2018-11-12T07:57:58","modified_gmt":"2018-01-16T07:57:58","slug":"messina-giornata-diocesana-della-vita-consacrata","status":"publish","type":"post","link":"https:\/\/www.chiesedisicilia.org\/2016\/04\/21\/messina-giornata-diocesana-della-vita-consacrata\/","title":{"rendered":"MESSINA. GIORNATA DIOCESANA DELLA VITA CONSACRATA"},"content":{"rendered":"<div><span style=\"font-size: 12pt; font-family: 'Times New Roman', serif;\"><span style=\"font-size: medium;\"><span style=\"font-family: 'Times New Roman';\">L\u2019Ufficio diocesano\u00a0per la\u00a0Vita Consacrata\u00a0e la Consulta diocesana costituita da\u00a0CIIS\u00a0(Cordinamento Italiano Istituti di Vita Consacrata),\u00a0CISM\u00a0(Conferenza Italiana Superiori Maggiori) ed\u00a0USMI\u00a0(Unione Superiore Maggiori d\u2019Italia) promuovono annualmente itinerari di formazione ed aggiornamento per\u00a0 gli Operatori della Pastorale nella Chiesa locale e per i Consacrati stessi, al fine di una maggiore condivisione dei Carismi al servizio dell\u2019Unica Chiesa.<\/span><\/span><o:p><\/o:p><\/span><\/div>\n<div><span style=\"font-size: medium;\"><span style=\"font-family: 'Times New Roman';\">Quest\u2019anno la\u00a0 seconda edizione della\u00a0Giornata diocesana della Vita Consacrata\u00a0\u2013 inaugurata\u00a0 in occasione dell\u2019Anno ad essa dedicato da Papa Francesco (30 novembre 2014 &#8211; 2 febbraio 2016) \u2013 si propone di presentare l\u2019esperienza e il messaggio di\u00a0S. Teresa d\u2019Avila. &#8220;La sua figura di donna in cammino con Dio in un\u2019epoca difficile per la Spagna del \u2018500 &#8211; si legge in una nota stampa &#8211; raccoglie le\u00a0 intuizioni pi\u00f9 significative e attuali per il nostro oggi che questa mistica carmelitana ci ha trasmesso, avendo nel cuore la presenza di un Dio amico fedele, e l\u2019umanit\u00e0 santissima del suo Figlio Ges\u00f9, cos\u00ec come ci \u00e8 narrata nel Vangelo&#8221;.<\/span><\/span><span style=\"font-size: 12pt; font-family: 'Times New Roman', serif;\"><o:p><\/o:p><\/span><\/div>\n<div><span style=\"font-size: medium;\"><span style=\"font-family: 'Times New Roman';\">La Giornata si svolger\u00e0 all\u2019Istituto Cristo Re, gioved\u00ec 21 aprile 2016, dalle 9.30 alle 12.40. [01]<\/span><\/span><span style=\"font-size: 12pt; font-family: 'Times New Roman', serif;\"><o:p><\/o:p><\/span><\/div>\n","protected":false},"excerpt":{"rendered":"","protected":false},"author":1,"featured_media":0,"comment_status":"open","ping_status":"open","sticky":false,"template":"","format":"standard","meta":[],"categories":[30],"tags":[],"news-destination":[],"news-source":[],"is_homepage":[],"ta_other":[],"_links":{"self":[{"href":"https:\/\/www.chiesedisicilia.org\/chiesedisicilia\/news\/wp-json\/wp\/v2\/posts\/2693"}],"collection":[{"href":"https:\/\/www.chiesedisicilia.org\/chiesedisicilia\/news\/wp-json\/wp\/v2\/posts"}],"about":[{"href":"https:\/\/www.chiesedisicilia.org\/chiesedisicilia\/news\/wp-json\/wp\/v2\/types\/post"}],"author":[{"embeddable":true,"href":"https:\/\/www.chiesedisicilia.org\/chiesedisicilia\/news\/wp-json\/wp\/v2\/users\/1"}],"replies":[{"embeddable":true,"href":"https:\/\/www.chiesedisicilia.org\/chiesedisicilia\/news\/wp-json\/wp\/v2\/comments?post=2693"}],"version-history":[{"count":1,"href":"https:\/\/www.chiesedisicilia.org\/chiesedisicilia\/news\/wp-json\/wp\/v2\/posts\/2693\/revisions"}],"predecessor-version":[{"id":21175,"href":"https:\/\/www.chiesedisicilia.org\/chiesedisicilia\/news\/wp-json\/wp\/v2\/posts\/2693\/revisions\/21175"}],"wp:attachment":[{"href":"https:\/\/www.chiesedisicilia.org\/chiesedisicilia\/news\/wp-json\/wp\/v2\/media?parent=2693"}],"wp:term":[{"taxonomy":"category","embeddable":true,"href":"https:\/\/www.chiesedisicilia.org\/chiesedisicilia\/news\/wp-json\/wp\/v2\/categories?post=2693"},{"taxonomy":"post_tag","embeddable":true,"href":"https:\/\/www.chiesedisicilia.org\/chiesedisicilia\/news\/wp-json\/wp\/v2\/tags?post=2693"},{"taxonomy":"news-destination","embeddable":true,"href":"https:\/\/www.chiesedisicilia.org\/chiesedisicilia\/news\/wp-json\/wp\/v2\/news-destination?post=2693"},{"taxonomy":"news-source","embeddable":true,"href":"https:\/\/www.chiesedisicilia.org\/chiesedisicilia\/news\/wp-json\/wp\/v2\/news-source?post=2693"},{"taxonomy":"is_homepage","embeddable":true,"href":"https:\/\/www.chiesedisicilia.org\/chiesedisicilia\/news\/wp-json\/wp\/v2\/is_homepage?post=2693"},{"taxonomy":"ta_other","embeddable":true,"href":"https:\/\/www.chiesedisicilia.org\/chiesedisicilia\/news\/wp-json\/wp\/v2\/ta_other?post=2693"}],"curies":[{"name":"wp","href":"https:\/\/api.w.org\/{rel}","templated":true}]}}