{"id":2651,"date":"2015-07-09T10:36:00","date_gmt":"2015-07-09T08:36:00","guid":{"rendered":"http:\/\/wptestsite.tecnavia.com\/chiesedisicilia_clientsite\/news\/2015\/07\/09\/messina-tutti-a-tavola-raduno-diocesano-dei-grest\/"},"modified":"2018-11-12T07:57:55","modified_gmt":"2018-01-16T07:57:55","slug":"messina-tutti-a-tavola-raduno-diocesano-dei-grest","status":"publish","type":"post","link":"https:\/\/www.chiesedisicilia.org\/2015\/07\/09\/messina-tutti-a-tavola-raduno-diocesano-dei-grest\/","title":{"rendered":"MESSINA. \u201cTUTTI A TAVOLA!\u201d: RADUNO DIOCESANO DEI GREST"},"content":{"rendered":"<div><span style=\"font-size:12.0pt;font-family:\" times=\"\" new=\"\"><span style=\"font-size: medium;\"><span style=\"font-family: 'Times New Roman';\">Gioved\u00ec 2 luglio 2015, presso il Lido di Naxos, Giardini Naxos (ME), si \u00e8 svolto il Raduno diocesano dei Grest 3.0 sul tema \u201cTutti a tavola!\u201d. L\u2019incontro, promosso dal Servizio diocesano di Pastorale giovanile e dall\u2019Associazione \u201cNoi Messina\u201d, con il coordinamento di padre Dario Mostaccio, direttore della Pastorale giovanile diocesana, ha visto la presenza di circa 750, tra ragazzi e animatori che, in parrocchie e Oratori della nostra diocesi, vivono, durante la &#8220;bella&#8221; stagione, l&#8217;esperienza del &#8220;Gruppo Estivo&#8221;. Condividere questo percorso di crescita umana e cristiana, declinato in sfumature diverse a seconda dei differenti luoghi di provenienza, ha un comune filo conduttore, l&#8217;incontro con Ges\u00f9, il Suo Amore e la sua gioia; nel tempo del &#8220;Gr.Est&#8221; i ragazzi possono vivere quest&#8217;esperienza nelle celebrazioni eucaristiche partecipate insieme, nei momenti formativi, nel servizio degli animatori &#8211; spesso giovani che in passato hanno, a loro volta, vissuto quest\u2019avventura -, nelle relazioni significative che instaurano con i compagni\u2026; \u00e8 un\u2019occasione, il Grest, in cui ogni attivit\u00e0 (giochi, canti, danze, laboratori&#8230;) pu\u00f2 essere possibilit\u00e0 di crescita sia per i \u201cgrestini\u201d, sia per i loro animatori.<\/span><\/span><o:p><\/o:p><\/span><\/div>\n<div><span style=\"font-size: medium;\"><span style=\"font-family: 'Times New Roman';\">Dopo un breve momento di sistemazione, i ragazzi sono stati accolti con entusiasmo da un gruppo di animatori dell&#8217;associazione &#8220;Noi Messina&#8221; e, ricevuto il saluto del vicario generale della diocesi, mons. Gaetano Tripodo, hanno &#8220;inondato&#8221; di allegria il lido con i loro canti, giochi, balli&#8230; si sono &#8220;tuffati&#8221; in quest&#8217;esperienza partecipando attivamente alle diverse attivit\u00e0 pensate per loro; dopo pranzo, tra un salto sui gonfiabili e un &#8220;assaggio&#8221; di zucchero filato e pop corn, hanno condiviso risate, nuove conoscenze, tornei sportivi e la possibilit\u00e0 di divertirsi &#8220;giocando&#8221; &#8220;tra sabbia e mare&#8221; in sfide tra i diversi grest di provenienza.<\/span><\/span><span style=\"font-size:12.0pt;font-family:\" times=\"\" new=\"\"><o:p><\/o:p><\/span><\/div>\n<div><span style=\"font-size: medium;\"><span style=\"font-family: 'Times New Roman';\">&#8220;Affamati di vita buona&#8221;, questa \u00e8 la scritta che, sulle coloratissime magliette, definiva i ragazzi desiderosi di un&#8217;esistenza felice, chiamati ad\u00a0 &#8220;andare oltre&#8221; per scoprire i significati e le grandi sfide che il Signore ha pensato per ciascuno di loro e comprendere che \u00abnon di solo pane vivr\u00e0 l&#8217;uomo\u00bb ma anche di parole, relazioni, sguardi&#8230; [01]<\/span><\/span><span style=\"font-size:12.0pt;font-family:\" times=\"\" new=\"\"><o:p><\/o:p><\/span><\/div>\n","protected":false},"excerpt":{"rendered":"","protected":false},"author":1,"featured_media":0,"comment_status":"open","ping_status":"open","sticky":false,"template":"","format":"standard","meta":[],"categories":[30],"tags":[],"news-destination":[],"news-source":[],"is_homepage":[],"ta_other":[],"_links":{"self":[{"href":"https:\/\/www.chiesedisicilia.org\/chiesedisicilia\/news\/wp-json\/wp\/v2\/posts\/2651"}],"collection":[{"href":"https:\/\/www.chiesedisicilia.org\/chiesedisicilia\/news\/wp-json\/wp\/v2\/posts"}],"about":[{"href":"https:\/\/www.chiesedisicilia.org\/chiesedisicilia\/news\/wp-json\/wp\/v2\/types\/post"}],"author":[{"embeddable":true,"href":"https:\/\/www.chiesedisicilia.org\/chiesedisicilia\/news\/wp-json\/wp\/v2\/users\/1"}],"replies":[{"embeddable":true,"href":"https:\/\/www.chiesedisicilia.org\/chiesedisicilia\/news\/wp-json\/wp\/v2\/comments?post=2651"}],"version-history":[{"count":1,"href":"https:\/\/www.chiesedisicilia.org\/chiesedisicilia\/news\/wp-json\/wp\/v2\/posts\/2651\/revisions"}],"predecessor-version":[{"id":21136,"href":"https:\/\/www.chiesedisicilia.org\/chiesedisicilia\/news\/wp-json\/wp\/v2\/posts\/2651\/revisions\/21136"}],"wp:attachment":[{"href":"https:\/\/www.chiesedisicilia.org\/chiesedisicilia\/news\/wp-json\/wp\/v2\/media?parent=2651"}],"wp:term":[{"taxonomy":"category","embeddable":true,"href":"https:\/\/www.chiesedisicilia.org\/chiesedisicilia\/news\/wp-json\/wp\/v2\/categories?post=2651"},{"taxonomy":"post_tag","embeddable":true,"href":"https:\/\/www.chiesedisicilia.org\/chiesedisicilia\/news\/wp-json\/wp\/v2\/tags?post=2651"},{"taxonomy":"news-destination","embeddable":true,"href":"https:\/\/www.chiesedisicilia.org\/chiesedisicilia\/news\/wp-json\/wp\/v2\/news-destination?post=2651"},{"taxonomy":"news-source","embeddable":true,"href":"https:\/\/www.chiesedisicilia.org\/chiesedisicilia\/news\/wp-json\/wp\/v2\/news-source?post=2651"},{"taxonomy":"is_homepage","embeddable":true,"href":"https:\/\/www.chiesedisicilia.org\/chiesedisicilia\/news\/wp-json\/wp\/v2\/is_homepage?post=2651"},{"taxonomy":"ta_other","embeddable":true,"href":"https:\/\/www.chiesedisicilia.org\/chiesedisicilia\/news\/wp-json\/wp\/v2\/ta_other?post=2651"}],"curies":[{"name":"wp","href":"https:\/\/api.w.org\/{rel}","templated":true}]}}