{"id":2604,"date":"2014-05-19T19:37:00","date_gmt":"2014-05-19T17:37:00","guid":{"rendered":"http:\/\/wptestsite.tecnavia.com\/chiesedisicilia_clientsite\/news\/2014\/05\/19\/messina-nella-precarieta-la-speranza-famiglia-formazione-lavoro\/"},"modified":"2018-11-12T07:57:52","modified_gmt":"2018-01-16T07:57:52","slug":"messina-nella-precarieta-la-speranza-famiglia-formazione-lavoro","status":"publish","type":"post","link":"https:\/\/www.chiesedisicilia.org\/2014\/05\/19\/messina-nella-precarieta-la-speranza-famiglia-formazione-lavoro\/","title":{"rendered":"MESSINA. &#8220;NELLA PRECARIET\u00c0 LA SPERANZA: FAMIGLIA, FORMAZIONE, LAVORO&#8221;"},"content":{"rendered":"<p class=\"MsoNormal\"><span style=\"font-size: medium;\"><span style=\"font-family: 'Times New Roman';\"><span style=\"line-height: 115%;\">L&#8217;Ufficio Diocesano per la Pastorale familiare, unitamente all&#8217;Ufficio diocesano per i Problemi sociali e il lavoro e alla Consulta per le Aggregazioni laicali, in continuit\u00e0 con l&#8217;incontro promosso lo scorso settembre, organizza il Convegno<span class=\"apple-converted-space\">\u00a0<\/span>dal tema &#8220;Nella precariet\u00e0 la speranza: famiglia, formazione, lavoro&#8221;, che si terr\u00e0 marted\u00ec 20 maggio, presso l&#8217;I.S.S: &#8220;Antonello&#8221; di Messina. L&#8217;appuntamento si apre alle ore 16 con una tavola rotonda su &#8220;Scuola e imprese&#8221;, che prevede la testimonianza di allievi e famiglie degli istituti professionali &#8220;Anotonello&#8221; di Messina e &#8220;G. Ferraris&#8221; di Giammoro, e alcuni rappresentanti di associazioni di categoria.<\/span><\/span><\/span><span style=\"font-size: 12pt; line-height: 115%; font-family: 'Times New Roman', serif; background-position: initial initial; background-repeat: initial initial;\"><o:p><\/o:p><\/span><\/p>\n<p class=\"MsoNormal\"><span style=\"font-size: medium;\"><span style=\"font-family: 'Times New Roman';\"><span style=\"line-height: 115%;\">Alle ore 17.30 ancora una tavola rotonda, questa volta incentrata su &#8221; Autoimprenditorialit\u00e0&#8221;, con esperienze del Progetto Policoro, della Compagnia delle Opere, lo Starp up di un giovane lavoratore e un intervento sull&#8217;apprendistato. [01]<\/span><\/span><\/span><span style=\"font-size: 12pt; line-height: 115%; font-family: 'Times New Roman', serif; background-position: initial initial; background-repeat: initial initial;\"><o:p><\/o:p><\/span><\/p>\n","protected":false},"excerpt":{"rendered":"","protected":false},"author":1,"featured_media":0,"comment_status":"open","ping_status":"open","sticky":false,"template":"","format":"standard","meta":[],"categories":[30],"tags":[],"news-destination":[],"news-source":[],"is_homepage":[],"ta_other":[],"_links":{"self":[{"href":"https:\/\/www.chiesedisicilia.org\/chiesedisicilia\/news\/wp-json\/wp\/v2\/posts\/2604"}],"collection":[{"href":"https:\/\/www.chiesedisicilia.org\/chiesedisicilia\/news\/wp-json\/wp\/v2\/posts"}],"about":[{"href":"https:\/\/www.chiesedisicilia.org\/chiesedisicilia\/news\/wp-json\/wp\/v2\/types\/post"}],"author":[{"embeddable":true,"href":"https:\/\/www.chiesedisicilia.org\/chiesedisicilia\/news\/wp-json\/wp\/v2\/users\/1"}],"replies":[{"embeddable":true,"href":"https:\/\/www.chiesedisicilia.org\/chiesedisicilia\/news\/wp-json\/wp\/v2\/comments?post=2604"}],"version-history":[{"count":1,"href":"https:\/\/www.chiesedisicilia.org\/chiesedisicilia\/news\/wp-json\/wp\/v2\/posts\/2604\/revisions"}],"predecessor-version":[{"id":21087,"href":"https:\/\/www.chiesedisicilia.org\/chiesedisicilia\/news\/wp-json\/wp\/v2\/posts\/2604\/revisions\/21087"}],"wp:attachment":[{"href":"https:\/\/www.chiesedisicilia.org\/chiesedisicilia\/news\/wp-json\/wp\/v2\/media?parent=2604"}],"wp:term":[{"taxonomy":"category","embeddable":true,"href":"https:\/\/www.chiesedisicilia.org\/chiesedisicilia\/news\/wp-json\/wp\/v2\/categories?post=2604"},{"taxonomy":"post_tag","embeddable":true,"href":"https:\/\/www.chiesedisicilia.org\/chiesedisicilia\/news\/wp-json\/wp\/v2\/tags?post=2604"},{"taxonomy":"news-destination","embeddable":true,"href":"https:\/\/www.chiesedisicilia.org\/chiesedisicilia\/news\/wp-json\/wp\/v2\/news-destination?post=2604"},{"taxonomy":"news-source","embeddable":true,"href":"https:\/\/www.chiesedisicilia.org\/chiesedisicilia\/news\/wp-json\/wp\/v2\/news-source?post=2604"},{"taxonomy":"is_homepage","embeddable":true,"href":"https:\/\/www.chiesedisicilia.org\/chiesedisicilia\/news\/wp-json\/wp\/v2\/is_homepage?post=2604"},{"taxonomy":"ta_other","embeddable":true,"href":"https:\/\/www.chiesedisicilia.org\/chiesedisicilia\/news\/wp-json\/wp\/v2\/ta_other?post=2604"}],"curies":[{"name":"wp","href":"https:\/\/api.w.org\/{rel}","templated":true}]}}