{"id":2593,"date":"2014-03-11T10:43:00","date_gmt":"2014-03-11T09:43:00","guid":{"rendered":"http:\/\/wptestsite.tecnavia.com\/chiesedisicilia_clientsite\/news\/2014\/03\/11\/messina-nelle-periferie-dellumanita-con-lo-spirito-delle-beatitudini\/"},"modified":"2018-11-12T07:57:52","modified_gmt":"2018-01-16T07:57:52","slug":"messina-nelle-periferie-dellumanita-con-lo-spirito-delle-beatitudini","status":"publish","type":"post","link":"https:\/\/www.chiesedisicilia.org\/2014\/03\/11\/messina-nelle-periferie-dellumanita-con-lo-spirito-delle-beatitudini\/","title":{"rendered":"MESSINA. &#8220;NELLE PERIFERIE DELL&#8217;UMANITA&#8230;CON LO SPIRITO DELLE BEATITUDINI&#8221;"},"content":{"rendered":"<div>Al via la &#8220;Settimana Teologica&#8221; che si tiene quest&#8217;anno a partire da giorno 10 nell&#8217;Aula Magna del Rettorato. Ad approfondi nella tre giorni di studio \u00e8 \u00a0\u201cNelle periferie dell\u2019umanit\u00e0\u2026.Con lo spirito delle beatitudini\u201d \u00a0complementare al cammino della Chiesa italiana e al monito del Santo Padre ad attenzionare le periferie dell\u2019umanit\u00e0: \u201cVoglio una Chiesa che metta al centro gli ultimi \u2013 afferma Papa Francesco \u2013 le persone bisognose\u2026. Preferisco una Chiesa incidentata, che una Chiesa malata\u201d.<\/div>\n<div>\u00a0<\/div>\n<div>Proprio su questo punto il nostro Arcivescovo, nella programmazione dell\u2019Anno Pastorale e nella stesura della Lettera dal titolo \u201cVedendo glorifichino il Padre\u201d, sembra aver anticipato gli orientamenti generali: \u201cLa volont\u00e0 del Papa \u2013 ha detto \u2013 \u00e8 quella di avere comunit\u00e0 missionarie e non autoreferenziali; \u00e8 importante, pertanto, il nostro agire bene secondo il Vangelo, ma anche l\u2019acquisizione di uno sguardo di fede attraverso la lettura sapienziale della quotidianit\u00e0\u201d.<\/div>\n<div>Il Presule, ha sottolineato la volont\u00e0 di inquadrare in una dimensione pedagogica, secondo queste emergenze riflessive, la Settimana Teologica, nella considerazione delle periferie come spazi umani, vissuti esistenziali che spesso volontariamente escludiamo dal nostro interesse.<\/div>\n<div>\u00a0<\/div>\n<div>\u00a0<\/div>\n<div>\u00a0<\/div>\n<div>Le giornate si articoleranno come di seguito:<\/div>\n<div>Luned\u00ec 10 marzo, Mons. Pierangelo Sequeri, teologo e musicista, terr\u00e0 la prolusione che sar\u00e0 preceduta dall\u2019intervento musicale dell\u2019Orchestra del Mondo Nuovo: una formazione sinfonica nella quale suonano anche ragazzi con handicap psichico\/mentale. Un segno, questo, del contatto concreto con una periferia umana, quella del disagio fisico.<\/div>\n<div>Marted\u00ec 11 marzo, Padre Saverio Calabrese, Cappellano della Casa Circondariale di Taranto, Don Pippo Insana, Cappellano dell\u2019O.P.G. di Barcellona e lo psicoterapeuta Carmelo Impera, animeranno una tavola rotonda sul tema delle periferie umane attraverso la testimonianza di esperienze personali.<\/div>\n<div>Infine, mercoledi 12 marzo, il Professor Salvatore Natoli, filosofo e il teologo Don Cataldo Zuccaro, ci intratterranno su Politica e beatitudini: le periferie ignorate.<\/div>\n<div>\u00a0<\/div>\n<div>Sar\u00e0 possibile seguire i lavori della Settimana Teologica in diretta streaming collegandosi al sito dell\u2019Arcidiocesi www.diocesimessina.net.<\/div>\n<div>\u00a0<\/div>\n<div>\u00a0<\/div>\n<div>\u00a0<\/div>\n","protected":false},"excerpt":{"rendered":"","protected":false},"author":1,"featured_media":0,"comment_status":"open","ping_status":"open","sticky":false,"template":"","format":"standard","meta":[],"categories":[30],"tags":[],"news-destination":[],"news-source":[],"is_homepage":[],"ta_other":[],"_links":{"self":[{"href":"https:\/\/www.chiesedisicilia.org\/chiesedisicilia\/news\/wp-json\/wp\/v2\/posts\/2593"}],"collection":[{"href":"https:\/\/www.chiesedisicilia.org\/chiesedisicilia\/news\/wp-json\/wp\/v2\/posts"}],"about":[{"href":"https:\/\/www.chiesedisicilia.org\/chiesedisicilia\/news\/wp-json\/wp\/v2\/types\/post"}],"author":[{"embeddable":true,"href":"https:\/\/www.chiesedisicilia.org\/chiesedisicilia\/news\/wp-json\/wp\/v2\/users\/1"}],"replies":[{"embeddable":true,"href":"https:\/\/www.chiesedisicilia.org\/chiesedisicilia\/news\/wp-json\/wp\/v2\/comments?post=2593"}],"version-history":[{"count":1,"href":"https:\/\/www.chiesedisicilia.org\/chiesedisicilia\/news\/wp-json\/wp\/v2\/posts\/2593\/revisions"}],"predecessor-version":[{"id":21078,"href":"https:\/\/www.chiesedisicilia.org\/chiesedisicilia\/news\/wp-json\/wp\/v2\/posts\/2593\/revisions\/21078"}],"wp:attachment":[{"href":"https:\/\/www.chiesedisicilia.org\/chiesedisicilia\/news\/wp-json\/wp\/v2\/media?parent=2593"}],"wp:term":[{"taxonomy":"category","embeddable":true,"href":"https:\/\/www.chiesedisicilia.org\/chiesedisicilia\/news\/wp-json\/wp\/v2\/categories?post=2593"},{"taxonomy":"post_tag","embeddable":true,"href":"https:\/\/www.chiesedisicilia.org\/chiesedisicilia\/news\/wp-json\/wp\/v2\/tags?post=2593"},{"taxonomy":"news-destination","embeddable":true,"href":"https:\/\/www.chiesedisicilia.org\/chiesedisicilia\/news\/wp-json\/wp\/v2\/news-destination?post=2593"},{"taxonomy":"news-source","embeddable":true,"href":"https:\/\/www.chiesedisicilia.org\/chiesedisicilia\/news\/wp-json\/wp\/v2\/news-source?post=2593"},{"taxonomy":"is_homepage","embeddable":true,"href":"https:\/\/www.chiesedisicilia.org\/chiesedisicilia\/news\/wp-json\/wp\/v2\/is_homepage?post=2593"},{"taxonomy":"ta_other","embeddable":true,"href":"https:\/\/www.chiesedisicilia.org\/chiesedisicilia\/news\/wp-json\/wp\/v2\/ta_other?post=2593"}],"curies":[{"name":"wp","href":"https:\/\/api.w.org\/{rel}","templated":true}]}}