{"id":2556,"date":"2013-05-09T12:57:00","date_gmt":"2013-05-09T10:57:00","guid":{"rendered":"http:\/\/wptestsite.tecnavia.com\/chiesedisicilia_clientsite\/news\/2013\/05\/09\/messina-ufficio-liturgico-laboratorio-di-vocalita\/"},"modified":"2018-11-12T07:57:51","modified_gmt":"2018-01-16T07:57:51","slug":"messina-ufficio-liturgico-laboratorio-di-vocalita","status":"publish","type":"post","link":"https:\/\/www.chiesedisicilia.org\/2013\/05\/09\/messina-ufficio-liturgico-laboratorio-di-vocalita\/","title":{"rendered":"MESSINA. UFFICIO LITURGICO: LABORATORIO DI VOCALIT\u00c0"},"content":{"rendered":"<p class=\"MsoNormal\"><span style=\"font-family: 'Times New Roman';\"><span style=\"font-size: 12pt;\">L&#8217;Ufficio Liturgico diocesano, in continuit\u00e0 con il Corso liturgico &#8211; musicale, propone un laboratorio di vocalit\u00e0, che si terr\u00e0 da oggi, venerd\u00ec 10, a domenica 12 maggio, nella Cappella S. Maria all&#8217;Arcivescovado, in via I Settembre, a Messina. Il laboratorio sar\u00e0 tenuto dal M\u00b0 Steve Woodbury.<\/span><\/span><\/p>\n<p class=\"MsoNormal\"><span style=\"font-family: 'Times New Roman';\"><span style=\"font-size: 12pt;\">Lo stesso Ufficio liturgico ha gi\u00e0 realizzato un laboratorio di Liturgia e proclamazione della Parola, che si \u00e8 tenuto il <\/span><span style=\"font-size: 12pt;\">3 e 4 maggio scorsi, <\/span><span style=\"font-size: 12pt;\">a cura di Morena Baldacci e Antonella Maina. [01]<\/span><\/span><\/p>\n","protected":false},"excerpt":{"rendered":"","protected":false},"author":1,"featured_media":0,"comment_status":"open","ping_status":"open","sticky":false,"template":"","format":"standard","meta":[],"categories":[30],"tags":[],"news-destination":[],"news-source":[],"is_homepage":[],"ta_other":[],"_links":{"self":[{"href":"https:\/\/www.chiesedisicilia.org\/chiesedisicilia\/news\/wp-json\/wp\/v2\/posts\/2556"}],"collection":[{"href":"https:\/\/www.chiesedisicilia.org\/chiesedisicilia\/news\/wp-json\/wp\/v2\/posts"}],"about":[{"href":"https:\/\/www.chiesedisicilia.org\/chiesedisicilia\/news\/wp-json\/wp\/v2\/types\/post"}],"author":[{"embeddable":true,"href":"https:\/\/www.chiesedisicilia.org\/chiesedisicilia\/news\/wp-json\/wp\/v2\/users\/1"}],"replies":[{"embeddable":true,"href":"https:\/\/www.chiesedisicilia.org\/chiesedisicilia\/news\/wp-json\/wp\/v2\/comments?post=2556"}],"version-history":[{"count":1,"href":"https:\/\/www.chiesedisicilia.org\/chiesedisicilia\/news\/wp-json\/wp\/v2\/posts\/2556\/revisions"}],"predecessor-version":[{"id":21042,"href":"https:\/\/www.chiesedisicilia.org\/chiesedisicilia\/news\/wp-json\/wp\/v2\/posts\/2556\/revisions\/21042"}],"wp:attachment":[{"href":"https:\/\/www.chiesedisicilia.org\/chiesedisicilia\/news\/wp-json\/wp\/v2\/media?parent=2556"}],"wp:term":[{"taxonomy":"category","embeddable":true,"href":"https:\/\/www.chiesedisicilia.org\/chiesedisicilia\/news\/wp-json\/wp\/v2\/categories?post=2556"},{"taxonomy":"post_tag","embeddable":true,"href":"https:\/\/www.chiesedisicilia.org\/chiesedisicilia\/news\/wp-json\/wp\/v2\/tags?post=2556"},{"taxonomy":"news-destination","embeddable":true,"href":"https:\/\/www.chiesedisicilia.org\/chiesedisicilia\/news\/wp-json\/wp\/v2\/news-destination?post=2556"},{"taxonomy":"news-source","embeddable":true,"href":"https:\/\/www.chiesedisicilia.org\/chiesedisicilia\/news\/wp-json\/wp\/v2\/news-source?post=2556"},{"taxonomy":"is_homepage","embeddable":true,"href":"https:\/\/www.chiesedisicilia.org\/chiesedisicilia\/news\/wp-json\/wp\/v2\/is_homepage?post=2556"},{"taxonomy":"ta_other","embeddable":true,"href":"https:\/\/www.chiesedisicilia.org\/chiesedisicilia\/news\/wp-json\/wp\/v2\/ta_other?post=2556"}],"curies":[{"name":"wp","href":"https:\/\/api.w.org\/{rel}","templated":true}]}}