{"id":2524,"date":"2012-06-05T17:19:00","date_gmt":"2012-06-05T15:19:00","guid":{"rendered":"http:\/\/wptestsite.tecnavia.com\/chiesedisicilia_clientsite\/news\/2012\/06\/05\/messina-il-vescovo-urge-un-profondo-rinnovamento\/"},"modified":"2018-11-12T07:57:51","modified_gmt":"2018-01-16T07:57:51","slug":"messina-il-vescovo-urge-un-profondo-rinnovamento","status":"publish","type":"post","link":"https:\/\/www.chiesedisicilia.org\/2012\/06\/05\/messina-il-vescovo-urge-un-profondo-rinnovamento\/","title":{"rendered":"MESSINA. IL VESCOVO: &#8220;URGE UN PROFONDO RINNOVAMENTO\u201d"},"content":{"rendered":"<div style=\"text-align: justify; \">Si sono conclusi, oggi, luned\u00ec 4 giugno, con la processione partecipata vivamente da tanti fedeli accorsi per vivere questo momento di fede, i festeggiamenti in onore di S. Maria della Lettera, Patrona e protettrice della citt\u00e0 di Messina e dell&#8217;Arcidiocesi. Significativo e accorato l&#8217;intervento che l\u2019arcivescovo mons. Calogero La Piana ha rivolto a tutti i fedeli al termine della processione.<\/div>\n<div style=\"text-align: justify; \">Facendo eco alle parole di Papa Benedetto XVI, all&#8217;incontro mondiale delle Famiglie tenutosi a Milano nei giorni scorsi, il vescovo ha ribadito la necessit\u00e0 di sostenere e promuovere la famiglia, \u201cliberando la domenica dal lavoro\u201d, a tutela della dignit\u00e0 delle persone, della donna, e soprattutto, dei tempi stessi della famiglia. Ha espresso al contempo un forte senso di solidariet\u00e0 verso tutti coloro che vivono la piaga della &#8220;precariet\u00e0 del lavoro&#8221;, facendo appello alla coscienza di tutti, perch\u00e8 si &#8220;scenda in campo, si faccia fronte comune&#8221; a difesa di tutte queste situazioni che gravano sulla citt\u00e0 e su tante famiglie: gli operai della ex Servirail, quelli della ex Ferrotel, dell&#8217;Ato e dell&#8217;Atm, la situazione del Teatro Vittorio Emanuele. L&#8217;arcivescovo ha, infine, ribadito la convinzione che insieme a tutte le riforme sociali, politiche ed economiche, necessarie in questo particolare momento di crisi, rimane &#8220;l&#8217;urgenza e la necessit\u00e0 di un profondo ripensamento culturale, morale e spirituale&#8221;: &#8220;Tutti siamo chiamati in causa &#8211; ha concluso il presule &#8211; nella vita di ogni giorno per realizzare qualcosa di nuovo e di diverso con idee e progetti improntati sulla solidariet\u00e0 e sul bene comune, sul rispetto della dignit\u00e0 della persona e dei suoi bisogni fondamentali; tutti dobbiamo lavorare con coraggio e intelligenza, lasciandoci guidare da ideali squisitamente umani e di sapore evangelico per la creazione di una societ\u00e0 e di un mondo pi\u00f9 umano e vivibile&#8221;. [01]<\/div>\n<div style=\"text-align: justify; \">\u00a0<\/div>\n<div style=\"text-align: justify; \">  <!--EndFragment--><\/div>\n","protected":false},"excerpt":{"rendered":"","protected":false},"author":1,"featured_media":0,"comment_status":"open","ping_status":"open","sticky":false,"template":"","format":"standard","meta":[],"categories":[30],"tags":[],"news-destination":[],"news-source":[],"is_homepage":[],"ta_other":[],"_links":{"self":[{"href":"https:\/\/www.chiesedisicilia.org\/chiesedisicilia\/news\/wp-json\/wp\/v2\/posts\/2524"}],"collection":[{"href":"https:\/\/www.chiesedisicilia.org\/chiesedisicilia\/news\/wp-json\/wp\/v2\/posts"}],"about":[{"href":"https:\/\/www.chiesedisicilia.org\/chiesedisicilia\/news\/wp-json\/wp\/v2\/types\/post"}],"author":[{"embeddable":true,"href":"https:\/\/www.chiesedisicilia.org\/chiesedisicilia\/news\/wp-json\/wp\/v2\/users\/1"}],"replies":[{"embeddable":true,"href":"https:\/\/www.chiesedisicilia.org\/chiesedisicilia\/news\/wp-json\/wp\/v2\/comments?post=2524"}],"version-history":[{"count":1,"href":"https:\/\/www.chiesedisicilia.org\/chiesedisicilia\/news\/wp-json\/wp\/v2\/posts\/2524\/revisions"}],"predecessor-version":[{"id":21008,"href":"https:\/\/www.chiesedisicilia.org\/chiesedisicilia\/news\/wp-json\/wp\/v2\/posts\/2524\/revisions\/21008"}],"wp:attachment":[{"href":"https:\/\/www.chiesedisicilia.org\/chiesedisicilia\/news\/wp-json\/wp\/v2\/media?parent=2524"}],"wp:term":[{"taxonomy":"category","embeddable":true,"href":"https:\/\/www.chiesedisicilia.org\/chiesedisicilia\/news\/wp-json\/wp\/v2\/categories?post=2524"},{"taxonomy":"post_tag","embeddable":true,"href":"https:\/\/www.chiesedisicilia.org\/chiesedisicilia\/news\/wp-json\/wp\/v2\/tags?post=2524"},{"taxonomy":"news-destination","embeddable":true,"href":"https:\/\/www.chiesedisicilia.org\/chiesedisicilia\/news\/wp-json\/wp\/v2\/news-destination?post=2524"},{"taxonomy":"news-source","embeddable":true,"href":"https:\/\/www.chiesedisicilia.org\/chiesedisicilia\/news\/wp-json\/wp\/v2\/news-source?post=2524"},{"taxonomy":"is_homepage","embeddable":true,"href":"https:\/\/www.chiesedisicilia.org\/chiesedisicilia\/news\/wp-json\/wp\/v2\/is_homepage?post=2524"},{"taxonomy":"ta_other","embeddable":true,"href":"https:\/\/www.chiesedisicilia.org\/chiesedisicilia\/news\/wp-json\/wp\/v2\/ta_other?post=2524"}],"curies":[{"name":"wp","href":"https:\/\/api.w.org\/{rel}","templated":true}]}}