{"id":25231,"date":"2026-03-17T11:34:01","date_gmt":"2026-03-17T10:34:01","guid":{"rendered":"https:\/\/euwps05.newsmemory.com\/chiesedisicilia\/news\/2026\/03\/17\/a-scuola-sulle-orme-di-rosario-livatino-ad-agrigento-il-convegno-di-pastorale-scolastica-regionale\/"},"modified":"2026-03-27T17:43:30","modified_gmt":"2026-03-27T16:43:30","slug":"a-scuola-sulle-orme-di-rosario-livatino-ad-agrigento-il-convegno-di-pastorale-scolastica-regionale","status":"publish","type":"post","link":"https:\/\/www.chiesedisicilia.org\/2026\/03\/17\/a-scuola-sulle-orme-di-rosario-livatino-ad-agrigento-il-convegno-di-pastorale-scolastica-regionale\/","title":{"rendered":"&#8220;A SCUOLA SULLE ORME DI ROSARIO LIVATINO&#8221;: AD AGRIGENTO IL CONVEGNO DI PASTORALE SCOLASTICA REGIONALE"},"content":{"rendered":"<p>Nel tempo complesso che la scuola sta attraversando, la Pastorale Scolastica \u00e8 chiamata a interrogarsi non solo su cosa proporre, ma soprattutto su chi indicare come compagno di cammino educativo. In questa prospettiva si colloca il Convegno di Pastorale Scolastica della Conferenza Episcopale Siciliana, promosso dall\u2019Ufficio Regionale per l\u2019Educazione cattolica, la Pastorale scolastica e universitaria, che si terr\u00e0 <strong>sabato 21 e domenica 22 marzo 2026 tra Agrigento e Canicatt\u00ec<\/strong>, dal titolo significativo: \u201cA scuola sulle orme del Beato Rosario Livatino\u201d. Non si tratta di un semplice appuntamento formativo, ma di un\u2019esperienza pensata come percorso di ascolto, riflessione e confronto su una figura che parla con forza anche al mondo educativo: magistrato, uomo di fede, testimone credibile di mitezza, letizia e responsabilit\u00e0 civile. Rosario Livatino non \u00e8 solo il \u201cgiudice martire\u201d, bens\u00ec un uomo che ha incarnato una coerenza profonda tra fede, coscienza e vita pubblica. La scelta di metterlo al centro di un convegno di Pastorale Scolastica &#8211; dopo quello celebrato lo scorso anno a Palermo sul Beato Padre Pino Puglisi &#8211; dice molto dell\u2019orizzonte che si intende esplorare, cio\u00e8 l\u2019educazione come via alle virt\u00f9, esercizio quotidiano di giustizia, libert\u00e0 interiore e servizio al bene comune.<\/p>\n<p>Il convegno intende offrire chiavi di lettura teologiche, spirituali e educative capaci di tradurre la sua testimonianza in orizzonti praticabili per la scuola di oggi, dove la formazione integrale della persona rimane una sfida aperta e non delegabile.<\/p>\n<h4 style=\"text-align: center;\"><span style=\"color: #ff6600;\">Per approfondire<\/span><\/h4>\n<h3 style=\"text-align: center;\"><span style=\"color: #ff6600;\"><a style=\"color: #ff6600;\" href=\"https:\/\/www.chiesedisicilia.org\/chiesedisicilia\/news\/wp-content\/uploads\/sites\/2\/2026\/03\/Convegno-Pastorale-Scolastica-CESI-21-22-marzo-2026-sulle-orme-di-Rosario-Livatino.pdf\">Convegno Pastorale Scolastica CESI 21-22 marzo 2026 &#8211; IL PROGRAMMA<\/a><\/span><\/h3>\n<p style=\"text-align: left;\">I lavori prenderanno avvio sabato 21 marzo presso l\u2019Hotel Tre Torri di Agrigento, con l\u2019accoglienza dei partecipanti nel pomeriggio e un momento iniziale di preghiera e saluti istituzionali.<\/p>\n<p>Interverranno <strong>mons. Giuseppe Schillaci<\/strong>, vescovo di Nicosia e delegato per il settore, il direttore dell\u2019Ufficio di Pastorale scolastica di Agrigento, <strong>don Enzo Sazio<\/strong>, e il Direttore dell\u2019Ufficio Regionale, <strong>prof. Marco Pappalardo<\/strong>. L\u2019introduzione ai lavori &#8211; \u201cDa Padre Puglisi a Rosario Livatino\u201d &#8211; colloca l\u2019incontro dentro una tradizione di testimoni che hanno saputo abitare con radicalit\u00e0 evangelica i luoghi della vita quotidiana e delle istituzioni. Seguiranno tre relazioni dedicate al Beato Livatino, lette alla luce delle beatitudini e delle virt\u00f9: mitezza, letizia, virt\u00f9 teologali e cardinali. Un percorso che intreccia riflessione teologica, sguardo spirituale e ricaduta educativa, offrendo strumenti di lettura utili per chi opera nella scuola e per chi ne accompagna pastoralmente i processi.<\/p>\n<p>Domenica 22 marzo il convegno si sposter\u00e0 a Canicatt\u00ec, nella Parrocchia Santa Chiara, luogo in cui \u00e8 custodito il corpo del Beato. Qui, dopo la preghiera del mattino, \u00e8 previsto un confronto tra i partecipanti e la riunione della Consulta Regionale, dedicata a individuare input e prospettive per la Pastorale Scolastica in Sicilia. Il momento culminante sar\u00e0 la Celebrazione Eucaristica, presieduta dall\u2019Arcivescovo di Agrigento mons. Alessandro Damiano. Nel pomeriggio, la visita alla casa- museo \u201cGiudice Livatino\u201d offrir\u00e0 l\u2019occasione di toccare con mano la dimensione feriale e concreta di una santit\u00e0 vissuta nella quotidianit\u00e0.<\/p>\n<p>Il convegno \u00e8 rivolto a direttori e direttrici degli Uffici di Pastorale Scolastica, membri delle consulte o delle \u00e9quipe diocesane e responsabili regionali di associazioni e movimenti ecclesiali impegnati nel mondo della scuola; una scelta che evidenzia la volont\u00e0 di lavorare insieme in profondit\u00e0, favorendo uno scambio qualificato tra persone chiamate a pensare e orientare le scelte educative ecclesiali. In un contesto culturale segnato da smarrimento educativo, da una crescente frammentazione dei riferimenti e da una fatica diffusa nel riconoscere il valore della responsabilit\u00e0 personale, la Pastorale Scolastica \u00e8 chiamata a custodire e rilanciare una visione alta dell\u2019educazione, non come semplice trasmissione di contenuti, ma accompagnamento delle coscienze, allenamento alla libert\u00e0 e al discernimento. Il Beato Rosario Livatino, con la sua vita discreta e radicale, ricorda che la fede non si aggiunge alla vita come ornamento, al contrario la attraversa e la orienta. Camminare \u201csulle sue orme\u201d significa allora riscoprire la scuola come luogo di responsabilit\u00e0 condivisa, dove la Chiesa non pretende di occupare spazi, ma desidera offrire senso.<\/p>\n","protected":false},"excerpt":{"rendered":"","protected":false},"author":4,"featured_media":25230,"comment_status":"closed","ping_status":"closed","sticky":false,"template":"","format":"standard","meta":[],"categories":[7],"tags":[],"news-destination":[],"news-source":[],"is_homepage":[931],"ta_other":[],"_links":{"self":[{"href":"https:\/\/www.chiesedisicilia.org\/chiesedisicilia\/news\/wp-json\/wp\/v2\/posts\/25231"}],"collection":[{"href":"https:\/\/www.chiesedisicilia.org\/chiesedisicilia\/news\/wp-json\/wp\/v2\/posts"}],"about":[{"href":"https:\/\/www.chiesedisicilia.org\/chiesedisicilia\/news\/wp-json\/wp\/v2\/types\/post"}],"author":[{"embeddable":true,"href":"https:\/\/www.chiesedisicilia.org\/chiesedisicilia\/news\/wp-json\/wp\/v2\/users\/4"}],"replies":[{"embeddable":true,"href":"https:\/\/www.chiesedisicilia.org\/chiesedisicilia\/news\/wp-json\/wp\/v2\/comments?post=25231"}],"version-history":[{"count":1,"href":"https:\/\/www.chiesedisicilia.org\/chiesedisicilia\/news\/wp-json\/wp\/v2\/posts\/25231\/revisions"}],"predecessor-version":[{"id":25249,"href":"https:\/\/www.chiesedisicilia.org\/chiesedisicilia\/news\/wp-json\/wp\/v2\/posts\/25231\/revisions\/25249"}],"wp:featuredmedia":[{"embeddable":true,"href":"https:\/\/www.chiesedisicilia.org\/chiesedisicilia\/news\/wp-json\/wp\/v2\/media\/25230"}],"wp:attachment":[{"href":"https:\/\/www.chiesedisicilia.org\/chiesedisicilia\/news\/wp-json\/wp\/v2\/media?parent=25231"}],"wp:term":[{"taxonomy":"category","embeddable":true,"href":"https:\/\/www.chiesedisicilia.org\/chiesedisicilia\/news\/wp-json\/wp\/v2\/categories?post=25231"},{"taxonomy":"post_tag","embeddable":true,"href":"https:\/\/www.chiesedisicilia.org\/chiesedisicilia\/news\/wp-json\/wp\/v2\/tags?post=25231"},{"taxonomy":"news-destination","embeddable":true,"href":"https:\/\/www.chiesedisicilia.org\/chiesedisicilia\/news\/wp-json\/wp\/v2\/news-destination?post=25231"},{"taxonomy":"news-source","embeddable":true,"href":"https:\/\/www.chiesedisicilia.org\/chiesedisicilia\/news\/wp-json\/wp\/v2\/news-source?post=25231"},{"taxonomy":"is_homepage","embeddable":true,"href":"https:\/\/www.chiesedisicilia.org\/chiesedisicilia\/news\/wp-json\/wp\/v2\/is_homepage?post=25231"},{"taxonomy":"ta_other","embeddable":true,"href":"https:\/\/www.chiesedisicilia.org\/chiesedisicilia\/news\/wp-json\/wp\/v2\/ta_other?post=25231"}],"curies":[{"name":"wp","href":"https:\/\/api.w.org\/{rel}","templated":true}]}}