{"id":25157,"date":"2026-03-04T11:32:32","date_gmt":"2026-03-04T10:32:32","guid":{"rendered":"https:\/\/euwps06.newsmemory.com\/chiesedisicilia\/news\/2026\/03\/04\/formazione-preghiera-discernimento-testimonianze-concluso-il-21-convegno-degli-esorcisti-di-sicilia\/"},"modified":"2026-03-04T11:33:38","modified_gmt":"2026-03-04T10:33:38","slug":"formazione-preghiera-discernimento-testimonianze-concluso-il-21-convegno-degli-esorcisti-di-sicilia","status":"publish","type":"post","link":"https:\/\/www.chiesedisicilia.org\/2026\/03\/04\/formazione-preghiera-discernimento-testimonianze-concluso-il-21-convegno-degli-esorcisti-di-sicilia\/","title":{"rendered":"FORMAZIONE, PREGHIERA, DISCERNIMENTO, TESTIMONIANZE: CONCLUSO IL 21\u00b0 CONVEGNO DEGLI ESORCISTI DI SICILIA"},"content":{"rendered":"<p>Si \u00e8 concluso lo scorso 27 febbraio, presso l\u2019Oasi Cusmaniana di Bagheria, il 21\u00b0 Convegno Regionale degli Esorcisti di Sicilia, l\u2019annuale appuntamento di formazione e discernimento promosso dal Servizio Regionale per la Pastorale Esorcistica della CESi.<\/p>\n<p>All\u2019incontro, durato tre giorni, hanno partecipato esorcisti provenienti dalle tutte le diocesi dell\u2019Isola e numerosi sacerdoti designati dai rispettivi Vescovi per intraprendere questo delicato ministero dagli stessi esorcisti definito \u201cdi consolazione e di liberazione\u201d.<\/p>\n<p>Sotto la guida del <strong>responsabile del Servizio, fra Benigno Palilla<\/strong>, e con il sostegno di <strong>mons. Giuseppe La Placa, vescovo di Ragusa e delegato CESi per il settore<\/strong>, le tre giornate hanno alternato relazioni teologiche, approfondimenti scientifici, momenti di preghiera comunitaria e testimonianze. <strong>Mons. Corrado Lorefice, arcivescovo di Palermo e vicepresidente della CESi<\/strong>, che ha presieduto la Celebrazione Eucaristica di apertura e condiviso alcuni momenti della riflessione.<\/p>\n<p>Al centro dei lavori, il tema &#8220;Ci\u00f2 che richiede il Codice di Diritto Canonico per potere proferire esorcismi sugli ossessi&#8221;, con l&#8217;approfondimento del Canone 1172 del Codice di Diritto Canonico \u2013 perch\u00e9, come sottolineato da fra Benigno nell\u2019introduzione ai lavori, <em>l&#8217;esorcismo non \u00e8 un atto di &#8220;potere&#8221; individuale, ma un ministero ecclesiale che richiede autorizzazione specifica, prudenza e una solida preparazione dottrinale<\/em>.<\/p>\n<p>Il convegno ha ribadito la necessit\u00e0 di una formazione interdisciplinare che unisca la piet\u00e0 e l&#8217;integrit\u00e0 di vita del sacerdote alla competenza teologica e alla prudenza nel discernimento, anche attraverso il dialogo con le scienze mediche e psicologiche.<\/p>\n<h5><span style=\"color: #ff6600;\">APPROFONDIMENTO: L&#8217;intervista a Fra Benigno Palilla, responsabile del Servizio regionale della Pastorale esorcistica, a cura di don Giuseppe Rabita, direttore della Segreteria Pastorale della CESi<\/span><\/h5>\n<p><iframe loading=\"lazy\" title=\"Esorcisti - convegno 2026\" width=\"640\" height=\"360\" src=\"https:\/\/www.youtube.com\/embed\/pyWWsT4cuak?feature=oembed\" frameborder=\"0\" allow=\"accelerometer; autoplay; clipboard-write; encrypted-media; gyroscope; picture-in-picture; web-share\" referrerpolicy=\"strict-origin-when-cross-origin\" allowfullscreen><\/iframe><\/p>\n<p>Tra i temi trattati nel corso dei lavori:<\/p>\n<p>&#8211; La virt\u00f9 del sacerdote: dalla &#8220;pazienza&#8221; illustrata da <strong>fra Pietro Arcoleo<\/strong> all&#8217;importanza della &#8220;prudenza&#8221; e della &#8220;piet\u00e0&#8221; richiamate rispettivamente da <strong>fra Mauro Billetta<\/strong> e <strong>fra Felice Confaloni<\/strong>, passando per l'&#8221;integrit\u00e0 di vita&#8221;, indispensabile nella lotta contro il maligno, sulla quale ha riflettuto <strong>don Gianluca Romano<\/strong>.<\/p>\n<p>&#8211; Il confine delicato tra patologie psichiche e fenomeni di natura spirituale con l\u2019intervento di <strong>mons. Nuccio Amenta<\/strong>, vicario generale dell&#8217;arcidiocesi di Siracusa ed esorcista lui stesso, su scienza e fede.<\/p>\n<p>&#8211; L&#8217;intercessione del giovanissimo Servo di Dio Manuel Foder\u00e0 negli esorcismi, dalla quale ha parlato <strong>Salvatore Devy Franzino<\/strong><\/p>\n<p>&#8211; Un&#8217;altra delle tematiche trattate ha riguardato il ruolo degli ausiliari, volontari che collaborano con gli esorcisti, e dei medici che formano l\u2019equipe: per <strong>don Marcello Lanza<\/strong>, teologo e esorcista della diocesi di Acerra e membro dell\u2019Associazione internazionale esorcisti, &#8220;<em>la Chiesa ha bisogno degli ausiliari: il loro compito \u00e8 insito nella loro vita battesimale ma \u00e8 bene sapere che aiutando gli esorcisti aiutano anche loro stessi nella crescita di un benessere spirituale, psicologico e umano<\/em>\u201d.<\/p>\n<p><img alt=\"FORMAZIONE, PREGHIERA, DISCERNIMENTO, TESTIMONIANZE: CONCLUSO IL 21\u00b0 CONVEGNO DEGLI ESORCISTI DI SICILIA\" title=\"FORMAZIONE, PREGHIERA, DISCERNIMENTO, TESTIMONIANZE: CONCLUSO IL 21\u00b0 CONVEGNO DEGLI ESORCISTI DI SICILIA\" loading=\"lazy\" class=\"size-medium wp-image-25156 alignleft\" src=\"https:\/\/www.chiesedisicilia.org\/chiesedisicilia\/news\/wp-content\/uploads\/sites\/2\/2026\/03\/photo_1_2026-03-04_11-14-24.jpg\" alt=\"\" width=\"300\" height=\"135\" srcset=\"https:\/\/euwps06.newsmemory.com\/chiesedisicilia\/news\/wp-content\/uploads\/sites\/2\/2026\/03\/photo_1_2026-03-04_11-14-24.jpg 1280w, https:\/\/euwps06.newsmemory.com\/chiesedisicilia\/news\/wp-content\/uploads\/sites\/2\/2026\/03\/photo_1_2026-03-04_11-14-24-300x135.jpg 300w, https:\/\/euwps06.newsmemory.com\/chiesedisicilia\/news\/wp-content\/uploads\/sites\/2\/2026\/03\/photo_1_2026-03-04_11-14-24-1024x462.jpg 1024w, https:\/\/euwps06.newsmemory.com\/chiesedisicilia\/news\/wp-content\/uploads\/sites\/2\/2026\/03\/photo_1_2026-03-04_11-14-24-768x346.jpg 768w, https:\/\/euwps06.newsmemory.com\/chiesedisicilia\/news\/wp-content\/uploads\/sites\/2\/2026\/03\/photo_1_2026-03-04_11-14-24-750x338.jpg 750w\" sizes=\"(max-width: 300px) 100vw, 300px\" \/>Un momento di forte impatto emotivo \u00e8 stato quello dedicato alla testimonianza di due persone che hanno vissuto il percorso di liberazione, offrendo ai presenti uno sguardo concreto sulle sofferenze di chi si ha vissuto l&#8217;azione straordinaria del maligno.<\/p>\n<p>I partecipanti hanno i lavori portando con s\u00e9 non solo nuovi strumenti normativi e teologici, ma soprattutto una rinnovata consapevolezza: quella &#8220;integrit\u00e0 di vita&#8221; e quelle virt\u00f9 che, come emerso nelle relazioni, restano le armi pi\u00f9 efficaci nella lotta contro il maligno e che scaturiscono da una costante e significativa vita di relazione con Cristo e di frequenza dei sacramenti.<\/p>\n<p>Ma da Bagheria anche l\u2019appello a fare attenzione a chi esercita il ministero senza essere sacerdote e senza avere ricevuto il mandato dal proprio vescovo: \u201c<em>Ci sono tanti falsi<\/em> \u2013 ha detto <strong>mons. Corrado Lorefice<\/strong> &#8211; <em>che nel nome di capacit\u00e0 personali invece di sollevare, devastano ulteriormente gli uomini e le donne che sono prigionieri del maligno<\/em>\u201d.<\/p>\n","protected":false},"excerpt":{"rendered":"","protected":false},"author":4,"featured_media":25155,"comment_status":"closed","ping_status":"closed","sticky":false,"template":"","format":"standard","meta":[],"categories":[7],"tags":[],"news-destination":[],"news-source":[],"is_homepage":[931],"ta_other":[],"_links":{"self":[{"href":"https:\/\/www.chiesedisicilia.org\/chiesedisicilia\/news\/wp-json\/wp\/v2\/posts\/25157"}],"collection":[{"href":"https:\/\/www.chiesedisicilia.org\/chiesedisicilia\/news\/wp-json\/wp\/v2\/posts"}],"about":[{"href":"https:\/\/www.chiesedisicilia.org\/chiesedisicilia\/news\/wp-json\/wp\/v2\/types\/post"}],"author":[{"embeddable":true,"href":"https:\/\/www.chiesedisicilia.org\/chiesedisicilia\/news\/wp-json\/wp\/v2\/users\/4"}],"replies":[{"embeddable":true,"href":"https:\/\/www.chiesedisicilia.org\/chiesedisicilia\/news\/wp-json\/wp\/v2\/comments?post=25157"}],"version-history":[{"count":1,"href":"https:\/\/www.chiesedisicilia.org\/chiesedisicilia\/news\/wp-json\/wp\/v2\/posts\/25157\/revisions"}],"predecessor-version":[{"id":25158,"href":"https:\/\/www.chiesedisicilia.org\/chiesedisicilia\/news\/wp-json\/wp\/v2\/posts\/25157\/revisions\/25158"}],"wp:featuredmedia":[{"embeddable":true,"href":"https:\/\/www.chiesedisicilia.org\/chiesedisicilia\/news\/wp-json\/wp\/v2\/media\/25155"}],"wp:attachment":[{"href":"https:\/\/www.chiesedisicilia.org\/chiesedisicilia\/news\/wp-json\/wp\/v2\/media?parent=25157"}],"wp:term":[{"taxonomy":"category","embeddable":true,"href":"https:\/\/www.chiesedisicilia.org\/chiesedisicilia\/news\/wp-json\/wp\/v2\/categories?post=25157"},{"taxonomy":"post_tag","embeddable":true,"href":"https:\/\/www.chiesedisicilia.org\/chiesedisicilia\/news\/wp-json\/wp\/v2\/tags?post=25157"},{"taxonomy":"news-destination","embeddable":true,"href":"https:\/\/www.chiesedisicilia.org\/chiesedisicilia\/news\/wp-json\/wp\/v2\/news-destination?post=25157"},{"taxonomy":"news-source","embeddable":true,"href":"https:\/\/www.chiesedisicilia.org\/chiesedisicilia\/news\/wp-json\/wp\/v2\/news-source?post=25157"},{"taxonomy":"is_homepage","embeddable":true,"href":"https:\/\/www.chiesedisicilia.org\/chiesedisicilia\/news\/wp-json\/wp\/v2\/is_homepage?post=25157"},{"taxonomy":"ta_other","embeddable":true,"href":"https:\/\/www.chiesedisicilia.org\/chiesedisicilia\/news\/wp-json\/wp\/v2\/ta_other?post=25157"}],"curies":[{"name":"wp","href":"https:\/\/api.w.org\/{rel}","templated":true}]}}