{"id":25149,"date":"2026-03-06T07:52:32","date_gmt":"2026-03-06T06:52:32","guid":{"rendered":"https:\/\/euwps05.newsmemory.com\/chiesedisicilia\/news\/2026\/03\/06\/veglia-di-preghiera-per-la-pace-incontri-con-laicato-e-associazionismo-pastorale-della-disabilita-gemellaggio-con-la-tunisia-a-valverde-la-sessione-primaverile-della-cesi\/"},"modified":"2026-03-06T07:54:48","modified_gmt":"2026-03-06T06:54:48","slug":"veglia-di-preghiera-per-la-pace-incontri-con-laicato-e-associazionismo-pastorale-della-disabilita-gemellaggio-con-la-tunisia-a-valverde-la-sessione-primaverile-della-cesi","status":"publish","type":"post","link":"https:\/\/www.chiesedisicilia.org\/2026\/03\/06\/veglia-di-preghiera-per-la-pace-incontri-con-laicato-e-associazionismo-pastorale-della-disabilita-gemellaggio-con-la-tunisia-a-valverde-la-sessione-primaverile-della-cesi\/","title":{"rendered":"VEGLIA DI PREGHIERA PER LA PACE, INCONTRI CON LAICATO E ASSOCIAZIONISMO, PASTORALE DELLA DISABILIT\u00c0, GEMELLAGGIO CON LA TUNISIA: A VALVERDE LA SESSIONE PRIMAVERILE DELLA CESI"},"content":{"rendered":"<p>I vescovi delle diocesi di Sicilia si riuniscono per la sessione primaverile della Conferenza Episcopale Siciliana che avr\u00e0 luogo a Valverde &#8211; Viagrande nei giorni 9, 10 e 11 marzo 2026.<\/p>\n<p>Diversi i punti all\u2019ordine del giorno, tra i quali la firma del protocollo di collaborazione con l\u2019Arcidiocesi di Tunisi per l\u2019attuazione del gemellaggio tra Caritas Tunisia e la Caritas regionale.<\/p>\n<p>Prevista anche la relazione annuale del Preside della Pontificia Facolt\u00e0 Teologica di Sicilia, prof. Don Vito Impellizzeri e la presentazione e approvazione del bilancio aggregato dei 13 Tribunali Ecclesiastici della regione, oltrech\u00e9 della Regione Ecclesiastica Sicilia. Nel corso dell\u2019incontro saranno presenti anche i responsabili regionali della Pastorale delle persone con disabilit\u00e0 per una verifica della situazione in merito alla attenzione verso questo ambito della pastorale nelle Chiese di Sicilia. I Vescovi si confronteranno ancora sulle Linee di orientamento nell\u2019attuazione del Cammino sinodale e incontreranno i membri del direttivo della Consulta Regionale per l\u2019Apostolato dei Laici. Ai lavori sar\u00e0 presente anche il Presidente nazionale dell\u2019Azione Cattolica Italiana prof. Giuseppe Notarstefano e l\u2019Assistente Generale mons. Claudio Giuliodori, insieme a una rappresentanza della delegazione regionale, per condividere con i Vescovi il cammino associativo e riflettere insieme sul contributo che l\u2019Azione Cattolica Italiana pu\u00f2 dare alla vita ecclesiale e sociale nella terra di Sicilia.<\/p>\n<p>Le celebrazioni liturgiche si svolgeranno presso il Santuario della Madonna di Valverde e saranno aperte alla partecipazione dei fedeli. La Concelebrazione di luned\u00ec 9, alle ore 19,30 sar\u00e0 presieduta da mons. Salvatore Di Cristina in occasione del XXV anniversario di consacrazione episcopale, mentre negli altri giorni la celebrazione si svolger\u00e0 al mattino alle 8,30.<\/p>\n<p>In considerazione del drammatico momento internazionale che vede spirare venti di guerra che coinvolgono sempre pi\u00f9 nazioni e l\u2019allargarsi di conflitti regionali che rischiano di diventare globali, i Vescovi si uniranno in una Veglia di preghiera per la Pace che si terr\u00e0 presso il Santuario Maria SS. di Valverde marted\u00ec 10 marzo alle ore 20 alla quale sono invitate le comunit\u00e0 ecclesiali, i movimenti, le associazioni e quanti desiderano invocare da Dio il dono prezioso della pace.<\/p>\n<p>&nbsp;<\/p>\n<p><strong>Avviso per la stampa<\/strong>: I giornalisti che vorranno incontrare i vescovi potranno rivolgersi per un appuntamento all\u2019Ufficio Comunicazioni Sociali della Diocesi di Acireale, contattando il direttore, don Arturo Grasso telefonicamente al numero 3404734146 o via email scrivendo a comunicazionediocesiacireale@gmail.com<\/p>\n","protected":false},"excerpt":{"rendered":"","protected":false},"author":4,"featured_media":25148,"comment_status":"closed","ping_status":"closed","sticky":false,"template":"","format":"standard","meta":[],"categories":[25],"tags":[],"news-destination":[],"news-source":[],"is_homepage":[931],"ta_other":[],"_links":{"self":[{"href":"https:\/\/www.chiesedisicilia.org\/chiesedisicilia\/news\/wp-json\/wp\/v2\/posts\/25149"}],"collection":[{"href":"https:\/\/www.chiesedisicilia.org\/chiesedisicilia\/news\/wp-json\/wp\/v2\/posts"}],"about":[{"href":"https:\/\/www.chiesedisicilia.org\/chiesedisicilia\/news\/wp-json\/wp\/v2\/types\/post"}],"author":[{"embeddable":true,"href":"https:\/\/www.chiesedisicilia.org\/chiesedisicilia\/news\/wp-json\/wp\/v2\/users\/4"}],"replies":[{"embeddable":true,"href":"https:\/\/www.chiesedisicilia.org\/chiesedisicilia\/news\/wp-json\/wp\/v2\/comments?post=25149"}],"version-history":[{"count":1,"href":"https:\/\/www.chiesedisicilia.org\/chiesedisicilia\/news\/wp-json\/wp\/v2\/posts\/25149\/revisions"}],"predecessor-version":[{"id":25150,"href":"https:\/\/www.chiesedisicilia.org\/chiesedisicilia\/news\/wp-json\/wp\/v2\/posts\/25149\/revisions\/25150"}],"wp:featuredmedia":[{"embeddable":true,"href":"https:\/\/www.chiesedisicilia.org\/chiesedisicilia\/news\/wp-json\/wp\/v2\/media\/25148"}],"wp:attachment":[{"href":"https:\/\/www.chiesedisicilia.org\/chiesedisicilia\/news\/wp-json\/wp\/v2\/media?parent=25149"}],"wp:term":[{"taxonomy":"category","embeddable":true,"href":"https:\/\/www.chiesedisicilia.org\/chiesedisicilia\/news\/wp-json\/wp\/v2\/categories?post=25149"},{"taxonomy":"post_tag","embeddable":true,"href":"https:\/\/www.chiesedisicilia.org\/chiesedisicilia\/news\/wp-json\/wp\/v2\/tags?post=25149"},{"taxonomy":"news-destination","embeddable":true,"href":"https:\/\/www.chiesedisicilia.org\/chiesedisicilia\/news\/wp-json\/wp\/v2\/news-destination?post=25149"},{"taxonomy":"news-source","embeddable":true,"href":"https:\/\/www.chiesedisicilia.org\/chiesedisicilia\/news\/wp-json\/wp\/v2\/news-source?post=25149"},{"taxonomy":"is_homepage","embeddable":true,"href":"https:\/\/www.chiesedisicilia.org\/chiesedisicilia\/news\/wp-json\/wp\/v2\/is_homepage?post=25149"},{"taxonomy":"ta_other","embeddable":true,"href":"https:\/\/www.chiesedisicilia.org\/chiesedisicilia\/news\/wp-json\/wp\/v2\/ta_other?post=25149"}],"curies":[{"name":"wp","href":"https:\/\/api.w.org\/{rel}","templated":true}]}}