{"id":25047,"date":"2026-01-29T15:19:47","date_gmt":"2026-01-29T14:19:47","guid":{"rendered":"https:\/\/euwps05.newsmemory.com\/chiesedisicilia\/news\/2026\/01\/29\/preghiera-comune-e-richiamo-alla-centralita-delluomo-nelle-scelte-civili-e-politiche-la-chiesa-accanto-alla-gente-nella-vicenda-della-frana-di-niscemi\/"},"modified":"2026-01-29T15:19:51","modified_gmt":"2026-01-29T14:19:51","slug":"preghiera-comune-e-richiamo-alla-centralita-delluomo-nelle-scelte-civili-e-politiche-la-chiesa-accanto-alla-gente-nella-vicenda-della-frana-di-niscemi","status":"publish","type":"post","link":"https:\/\/www.chiesedisicilia.org\/2026\/01\/29\/preghiera-comune-e-richiamo-alla-centralita-delluomo-nelle-scelte-civili-e-politiche-la-chiesa-accanto-alla-gente-nella-vicenda-della-frana-di-niscemi\/","title":{"rendered":"PREGHIERA COMUNE E RICHIAMO ALLA CENTRALIT\u00c0 DELL&#8217;UOMO NELLE SCELTE CIVILI E POLITICHE: LA CHIESA ACCANTO ALLA GENTE NELLA VICENDA DELLA FRANA DI NISCEMI"},"content":{"rendered":"<p>\u201c<em>Ai piedi della Madonna del Bosco perch\u00e9 medi questa grazia importante, preghiamo il Signore perch\u00e9 arresti questa frana. Il disastro \u00e8 enorme. Non permettere che accada ancora disastro<\/em>\u201d. \u00c8 stato un momento straordinario e carico di significato quello vissuto dalla comunit\u00e0 di Niscemi: il quadro di Maria Santissima del Bosco, Patrona della citt\u00e0, \u00e8 stato trasferito eccezionalmente dal suo Santuario alla Chiesa Madre. Tra le navate gremite, il simulacro \u00e8 avanzato sorretto dai portatori in un clima di profonda devozione e preghiera silenziosa, interrotta solo dalle genuflessioni dei fedeli. Poi la voce del vescovo di Piazza Armerina, mons. Rosario Gisana, che ha raggiunto il paese, ne ha incontrato gli abitanti e ha con loro e per loro pregato.<\/p>\n<p><strong>L&#8217;emergenza: un territorio che scivola via<\/strong><\/p>\n<p>Il bisogno dell\u2019uomo di raccogliersi in preghiera per invocare l&#8217;intervento divino di fronte a mali superiori alle proprie forze attraversa i secoli e la storia. Giunge ad oggi di fronte a un flagello che sta mettendo in ginocchio la citt\u00e0: la frana devastante che interessa il costone ovest. Un disastro, definito &#8220;enorme&#8221; e che \u00e8 in continua espansione, che ha gi\u00e0 costretto circa 1.500 abitanti ad abbandonare le proprie case e che sta disorientando l\u2019intero paese, mentre i tir della Protezione Civile giungono in citt\u00e0 per fornire i primi aiuti alimentari e sanitari.<\/p>\n<p><strong>La voce dei vescovi: vicinanza, solidariet\u00e0, centralit\u00e0 dell\u2019uomo<\/strong><\/p>\n<p><img alt=\"PREGHIERA COMUNE E RICHIAMO ALLA CENTRALIT\u00c0 DELL'UOMO NELLE SCELTE CIVILI E POLITICHE: LA CHIESA ACCANTO ALLA GENTE NELLA VICENDA DELLA FRANA DI NISCEMI\" title=\"PREGHIERA COMUNE E RICHIAMO ALLA CENTRALIT\u00c0 DELL'UOMO NELLE SCELTE CIVILI E POLITICHE: LA CHIESA ACCANTO ALLA GENTE NELLA VICENDA DELLA FRANA DI NISCEMI\" loading=\"lazy\" class=\"size-medium wp-image-25045 alignleft\" src=\"https:\/\/www.chiesedisicilia.org\/chiesedisicilia\/news\/wp-content\/uploads\/sites\/2\/2026\/01\/Niscemi-preghiera-vescovo.png\" alt=\"\" width=\"300\" height=\"169\" srcset=\"https:\/\/euwps05.newsmemory.com\/chiesedisicilia\/news\/wp-content\/uploads\/sites\/2\/2026\/01\/Niscemi-preghiera-vescovo.png 1024w, https:\/\/euwps05.newsmemory.com\/chiesedisicilia\/news\/wp-content\/uploads\/sites\/2\/2026\/01\/Niscemi-preghiera-vescovo-300x169.png 300w, https:\/\/euwps05.newsmemory.com\/chiesedisicilia\/news\/wp-content\/uploads\/sites\/2\/2026\/01\/Niscemi-preghiera-vescovo-768x432.png 768w, https:\/\/euwps05.newsmemory.com\/chiesedisicilia\/news\/wp-content\/uploads\/sites\/2\/2026\/01\/Niscemi-preghiera-vescovo-750x422.png 750w\" sizes=\"(max-width: 300px) 100vw, 300px\" \/>Davanti a questa sofferenza, il <strong>vescovo di Piazza Armerina, mons. Rosario Gisana<\/strong>, ha deposto una &#8220;<em>solidale e amorosa partecipazione nei confronti di chi ha perso la casa e vive nel disorientamento<\/em>&#8220;: ha raggiunto il territorio, ha sostato tra la gente e, con tutti, ha elevato una preghiera: &#8220;<em>Preghiamo il Signore perch\u00e9 arresti questa frana. Il disastro \u00e8 enorme. Non permettere che accada ancora disastro<\/em>&#8220;.<\/p>\n<p>A questo grido di dolore e di speranza si \u00e8 unita la voce di <strong>mons. Mario Russotto, vescovo di Caltanissetta<\/strong>. Niscemi \u00e8, infatti, parte della provincia nissena. Il pastore ha espresso la solidariet\u00e0 di una Chiesa vicina, appunto, per territorio e spirito. Citando il Cantico delle creature, ha richiamato l\u2019attenzione sul rispetto dovuto alla terra: &#8220;<em>Come possiamo abitarla se non ci rendiamo conto del rispetto che merita e ne usufruiamo a danno e discapito della gente semplice e onesta?<\/em>&#8220;. Il vescovo ha, inoltre, rivolto un monito a chi detiene responsabilit\u00e0 pubbliche, affinch\u00e9 gli amministratori siano illuminati nel guardare &#8220;<em>prima di tutto all\u2019uomo come fine<\/em>&#8220;.<\/p>\n<p><strong>L&#8217;impegno del laicato e la responsabilit\u00e0 civile<\/strong><\/p>\n<p>Anche la <strong>Consulta Regionale delle Aggregazioni Laicali<\/strong>, sottolineando che per affrontare il dolore immenso della perdita di ci\u00f2 che si \u00e8 ottenuto con i sacrifici di una vita intera, sono necessarie &#8220;<em>relazioni concrete di affetto, di amicizia, di vicinanza<\/em>&#8220;. Richiamando l&#8217;enciclica Laudato si\u2019, il responsabile <strong>Stefano Vitello<\/strong>, a nome della Consulta, ha ribadito la necessit\u00e0 di una Chiesa profetica che abbia &#8220;<em>il coraggio di denunciare ogni forma di degrado culturale e politico<\/em>&#8220;.<\/p>\n<p>Mentre Niscemi affronta una delle prove pi\u00f9 dure della sua storia, la Chiesa rimane un presidio di speranza. La Chiesa Madre rester\u00e0 aperta per consentire la preghiera personale, offrendo un abbraccio simbolico a una popolazione che chiede forza e protezione mentre guarda con incertezza al proprio futuro cercando la forza di resistere e rialzarsi.<\/p>\n","protected":false},"excerpt":{"rendered":"","protected":false},"author":4,"featured_media":25046,"comment_status":"closed","ping_status":"closed","sticky":false,"template":"","format":"standard","meta":[],"categories":[30],"tags":[],"news-destination":[],"news-source":[],"is_homepage":[931],"ta_other":[],"_links":{"self":[{"href":"https:\/\/www.chiesedisicilia.org\/chiesedisicilia\/news\/wp-json\/wp\/v2\/posts\/25047"}],"collection":[{"href":"https:\/\/www.chiesedisicilia.org\/chiesedisicilia\/news\/wp-json\/wp\/v2\/posts"}],"about":[{"href":"https:\/\/www.chiesedisicilia.org\/chiesedisicilia\/news\/wp-json\/wp\/v2\/types\/post"}],"author":[{"embeddable":true,"href":"https:\/\/www.chiesedisicilia.org\/chiesedisicilia\/news\/wp-json\/wp\/v2\/users\/4"}],"replies":[{"embeddable":true,"href":"https:\/\/www.chiesedisicilia.org\/chiesedisicilia\/news\/wp-json\/wp\/v2\/comments?post=25047"}],"version-history":[{"count":0,"href":"https:\/\/www.chiesedisicilia.org\/chiesedisicilia\/news\/wp-json\/wp\/v2\/posts\/25047\/revisions"}],"wp:featuredmedia":[{"embeddable":true,"href":"https:\/\/www.chiesedisicilia.org\/chiesedisicilia\/news\/wp-json\/wp\/v2\/media\/25046"}],"wp:attachment":[{"href":"https:\/\/www.chiesedisicilia.org\/chiesedisicilia\/news\/wp-json\/wp\/v2\/media?parent=25047"}],"wp:term":[{"taxonomy":"category","embeddable":true,"href":"https:\/\/www.chiesedisicilia.org\/chiesedisicilia\/news\/wp-json\/wp\/v2\/categories?post=25047"},{"taxonomy":"post_tag","embeddable":true,"href":"https:\/\/www.chiesedisicilia.org\/chiesedisicilia\/news\/wp-json\/wp\/v2\/tags?post=25047"},{"taxonomy":"news-destination","embeddable":true,"href":"https:\/\/www.chiesedisicilia.org\/chiesedisicilia\/news\/wp-json\/wp\/v2\/news-destination?post=25047"},{"taxonomy":"news-source","embeddable":true,"href":"https:\/\/www.chiesedisicilia.org\/chiesedisicilia\/news\/wp-json\/wp\/v2\/news-source?post=25047"},{"taxonomy":"is_homepage","embeddable":true,"href":"https:\/\/www.chiesedisicilia.org\/chiesedisicilia\/news\/wp-json\/wp\/v2\/is_homepage?post=25047"},{"taxonomy":"ta_other","embeddable":true,"href":"https:\/\/www.chiesedisicilia.org\/chiesedisicilia\/news\/wp-json\/wp\/v2\/ta_other?post=25047"}],"curies":[{"name":"wp","href":"https:\/\/api.w.org\/{rel}","templated":true}]}}