{"id":25011,"date":"2026-01-13T17:07:08","date_gmt":"2026-01-13T16:07:08","guid":{"rendered":"https:\/\/euwps05.newsmemory.com\/chiesedisicilia\/news\/2026\/01\/13\/cosa-significa-dire-pace-nel-disordine-globale-di-oggi-a-sentieri-di-pace-appuntamento-con-riccardo-redaelli\/"},"modified":"2026-01-13T17:07:09","modified_gmt":"2026-01-13T16:07:09","slug":"cosa-significa-dire-pace-nel-disordine-globale-di-oggi-a-sentieri-di-pace-appuntamento-con-riccardo-redaelli","status":"publish","type":"post","link":"https:\/\/www.chiesedisicilia.org\/2026\/01\/13\/cosa-significa-dire-pace-nel-disordine-globale-di-oggi-a-sentieri-di-pace-appuntamento-con-riccardo-redaelli\/","title":{"rendered":"&#8220;COSA SIGNIFICA DIRE PACE NEL DISORDINE GLOBALE DI OGGI&#8221;: A &#8220;SENTIERI DI PACE&#8221; APPUNTAMENTO CON RICCARDO REDAELLI"},"content":{"rendered":"<p>Riprende il laboratorio &#8220;Sentieri di pace&#8221; promosso dagli Uffici per la Pastorale delle Comunicazioni sociali e per la Pastorale Sociale e del Lavoro dell&#8217;Arcidiocesi di Siracusa.\u2028Il laboratorio rappresenta un luogo dove trovare gli strumenti per costruire percorsi di pace, fuori dalla cultura prevalente di guerra.<\/p>\n<p>Si inizia\u00a0gioved\u00ec 15 gennaio, alle ore 18.00, al centro convegni del Santuario della Madonna delle Lacrime, con\u00a0Riccardo Redaelli, professore ordinario di Geopolitica all&#8217;universit\u00e0 Cattolica del Sacro Cuore. Tema dell&#8217;incontro sar\u00e0 &#8220;Cosa significa dire pace nel disordine globale di oggi&#8221;.<\/p>\n<p>Riccardo Redaelli \u00e8 professore ordinario di Storia e istituzioni dell&#8217;Asia presso la facolt\u00e0 di Scienze Politiche e Sociali dell&#8217;universit\u00e0 Cattolica del Sacro Cuore di Milano, e docente di Geopolitica e di &#8220;Post Confict e gestione delle emergenze&#8221;. \u00c8 presidente del Centro studi internazionale di Geopolitica (Cestingeo) di Valenza. Ha condotto lunghi periodi di ricerca sul campo in Pakistan, Iran, Afghanistan, Iraq, Libia e altri paesi mediorientali, e ha lavorato negli Archivi coloniali britannici. E&#8217; autore di pi\u00f9 di 120 saggi e articoli.<\/p>\n<p>Il laboratorio &#8220;Sentieri di pace&#8221; prevede altri tre appuntamenti:\u00a0<b>il 21 gennaio<\/b>, alle ore 18.30, alla parrocchia Cristo Re a Lentini, con\u00a0<b>Carmelo Raspa<\/b>, Docente di Esegesi biblica presso lo Studio Teologico San Paolo e la Pontificia Facolt\u00e0 Teologica San Giovanni Evangelista di Palermo. E poi il\u00a0<b>28 gennaio<\/b>\u00a0e il\u00a0<b>13 marzo<\/b>, alle ore 18,30 alla parrocchia Sacra Famiglia a Siracusa: il primo con\u00a0<b>Sergio Tanzarella<\/b>, ordinario di Storia della Chiesa alla Facolt\u00e0 Teologica dell&#8217;Italia Meridionale di Napoli, sezione San Luigi e professore invitato presso l&#8217;Universit\u00e0 Gregoriana di Roma. E il 13 marzo con\u00a0<b>Tonio dell&#8217;Olio<\/b>, gi\u00e0 coordinatore nazionale di Pax Christi, fondatore e animatore del settore internazionale di Libera e attualmente presidente della Pro Civitate Christiana di Assisi.<\/p>\n<div>\n<div>\n<div><\/div>\n<\/div>\n<\/div>\n","protected":false},"excerpt":{"rendered":"","protected":false},"author":4,"featured_media":25010,"comment_status":"closed","ping_status":"closed","sticky":false,"template":"","format":"standard","meta":[],"categories":[30],"tags":[],"news-destination":[],"news-source":[],"is_homepage":[],"ta_other":[],"_links":{"self":[{"href":"https:\/\/www.chiesedisicilia.org\/chiesedisicilia\/news\/wp-json\/wp\/v2\/posts\/25011"}],"collection":[{"href":"https:\/\/www.chiesedisicilia.org\/chiesedisicilia\/news\/wp-json\/wp\/v2\/posts"}],"about":[{"href":"https:\/\/www.chiesedisicilia.org\/chiesedisicilia\/news\/wp-json\/wp\/v2\/types\/post"}],"author":[{"embeddable":true,"href":"https:\/\/www.chiesedisicilia.org\/chiesedisicilia\/news\/wp-json\/wp\/v2\/users\/4"}],"replies":[{"embeddable":true,"href":"https:\/\/www.chiesedisicilia.org\/chiesedisicilia\/news\/wp-json\/wp\/v2\/comments?post=25011"}],"version-history":[{"count":0,"href":"https:\/\/www.chiesedisicilia.org\/chiesedisicilia\/news\/wp-json\/wp\/v2\/posts\/25011\/revisions"}],"wp:featuredmedia":[{"embeddable":true,"href":"https:\/\/www.chiesedisicilia.org\/chiesedisicilia\/news\/wp-json\/wp\/v2\/media\/25010"}],"wp:attachment":[{"href":"https:\/\/www.chiesedisicilia.org\/chiesedisicilia\/news\/wp-json\/wp\/v2\/media?parent=25011"}],"wp:term":[{"taxonomy":"category","embeddable":true,"href":"https:\/\/www.chiesedisicilia.org\/chiesedisicilia\/news\/wp-json\/wp\/v2\/categories?post=25011"},{"taxonomy":"post_tag","embeddable":true,"href":"https:\/\/www.chiesedisicilia.org\/chiesedisicilia\/news\/wp-json\/wp\/v2\/tags?post=25011"},{"taxonomy":"news-destination","embeddable":true,"href":"https:\/\/www.chiesedisicilia.org\/chiesedisicilia\/news\/wp-json\/wp\/v2\/news-destination?post=25011"},{"taxonomy":"news-source","embeddable":true,"href":"https:\/\/www.chiesedisicilia.org\/chiesedisicilia\/news\/wp-json\/wp\/v2\/news-source?post=25011"},{"taxonomy":"is_homepage","embeddable":true,"href":"https:\/\/www.chiesedisicilia.org\/chiesedisicilia\/news\/wp-json\/wp\/v2\/is_homepage?post=25011"},{"taxonomy":"ta_other","embeddable":true,"href":"https:\/\/www.chiesedisicilia.org\/chiesedisicilia\/news\/wp-json\/wp\/v2\/ta_other?post=25011"}],"curies":[{"name":"wp","href":"https:\/\/api.w.org\/{rel}","templated":true}]}}