{"id":2495,"date":"2011-01-19T11:32:00","date_gmt":"2011-01-19T10:32:00","guid":{"rendered":"http:\/\/wptestsite.tecnavia.com\/chiesedisicilia_clientsite\/news\/2011\/01\/19\/messina-migrazioni-cresima-a-giovani-delle-filippine-e-delli-srilanka\/"},"modified":"2018-11-12T07:57:50","modified_gmt":"2018-01-16T07:57:50","slug":"messina-migrazioni-cresima-a-giovani-delle-filippine-e-delli-srilanka","status":"publish","type":"post","link":"https:\/\/www.chiesedisicilia.org\/2011\/01\/19\/messina-migrazioni-cresima-a-giovani-delle-filippine-e-delli-srilanka\/","title":{"rendered":"MESSINA. MIGRAZIONI: CRESIMA A GIOVANI DELLE FILIPPINE E DELLI SRILANKA"},"content":{"rendered":"<div>Oggi, domenica 16 gennaio, alle 18, a Messina, nella Parrocchia \u201cS. Maria Consolata\u201d (Don Orione), l\u2019arcivescovo mons. Calogero La Piana presieder\u00e0 la Celebrazione eucaristica e amministrer\u00e0 il sacramento della Confermazione ad alcuni giovani della comunit\u00e0 filippina e srilankese, in occasione della Giornata Mondiale delle Migrazioni, coordinata dal diacono Santino Tornesi, direttore dell\u2019Ufficio diocesano Migrantes. Nella celebrazione, animata dalla comunit\u00e0 parrocchiale di \u201cSanta Maria Consolata\u201d e dalle Comunit\u00e0 dei Migranti, si ringrazier\u00e0 il Signore per il quarto anniversario dell\u2019inizio del ministero nell\u2019Arcidiocesi dell\u2019Arcivescovo (13 gennaio 2007), pastore attento e premuroso nel sostenere il protagonismo dei migranti, per il loro pieno inserimento sociale ed ecclesiale. [01]<\/p>\n<div>\u00a0<\/div>\n<\/div>\n","protected":false},"excerpt":{"rendered":"","protected":false},"author":1,"featured_media":0,"comment_status":"open","ping_status":"open","sticky":false,"template":"","format":"standard","meta":[],"categories":[30],"tags":[],"news-destination":[],"news-source":[],"is_homepage":[],"ta_other":[],"_links":{"self":[{"href":"https:\/\/www.chiesedisicilia.org\/chiesedisicilia\/news\/wp-json\/wp\/v2\/posts\/2495"}],"collection":[{"href":"https:\/\/www.chiesedisicilia.org\/chiesedisicilia\/news\/wp-json\/wp\/v2\/posts"}],"about":[{"href":"https:\/\/www.chiesedisicilia.org\/chiesedisicilia\/news\/wp-json\/wp\/v2\/types\/post"}],"author":[{"embeddable":true,"href":"https:\/\/www.chiesedisicilia.org\/chiesedisicilia\/news\/wp-json\/wp\/v2\/users\/1"}],"replies":[{"embeddable":true,"href":"https:\/\/www.chiesedisicilia.org\/chiesedisicilia\/news\/wp-json\/wp\/v2\/comments?post=2495"}],"version-history":[{"count":1,"href":"https:\/\/www.chiesedisicilia.org\/chiesedisicilia\/news\/wp-json\/wp\/v2\/posts\/2495\/revisions"}],"predecessor-version":[{"id":20978,"href":"https:\/\/www.chiesedisicilia.org\/chiesedisicilia\/news\/wp-json\/wp\/v2\/posts\/2495\/revisions\/20978"}],"wp:attachment":[{"href":"https:\/\/www.chiesedisicilia.org\/chiesedisicilia\/news\/wp-json\/wp\/v2\/media?parent=2495"}],"wp:term":[{"taxonomy":"category","embeddable":true,"href":"https:\/\/www.chiesedisicilia.org\/chiesedisicilia\/news\/wp-json\/wp\/v2\/categories?post=2495"},{"taxonomy":"post_tag","embeddable":true,"href":"https:\/\/www.chiesedisicilia.org\/chiesedisicilia\/news\/wp-json\/wp\/v2\/tags?post=2495"},{"taxonomy":"news-destination","embeddable":true,"href":"https:\/\/www.chiesedisicilia.org\/chiesedisicilia\/news\/wp-json\/wp\/v2\/news-destination?post=2495"},{"taxonomy":"news-source","embeddable":true,"href":"https:\/\/www.chiesedisicilia.org\/chiesedisicilia\/news\/wp-json\/wp\/v2\/news-source?post=2495"},{"taxonomy":"is_homepage","embeddable":true,"href":"https:\/\/www.chiesedisicilia.org\/chiesedisicilia\/news\/wp-json\/wp\/v2\/is_homepage?post=2495"},{"taxonomy":"ta_other","embeddable":true,"href":"https:\/\/www.chiesedisicilia.org\/chiesedisicilia\/news\/wp-json\/wp\/v2\/ta_other?post=2495"}],"curies":[{"name":"wp","href":"https:\/\/api.w.org\/{rel}","templated":true}]}}