{"id":24947,"date":"2025-10-17T21:30:21","date_gmt":"2025-10-17T19:30:21","guid":{"rendered":"http:\/\/euwps05.newsmemory.com\/chiesedisicilia\/news\/2025\/10\/17\/tempi-dincontro-ma-soprattutto-modalita-la-missio-regionale-al-lavoro-formazione-e-necessita-di-far-rete\/"},"modified":"2025-11-17T21:59:42","modified_gmt":"2025-11-17T20:59:42","slug":"tempi-dincontro-ma-soprattutto-modalita-la-missio-regionale-al-lavoro-formazione-e-necessita-di-far-rete","status":"publish","type":"post","link":"https:\/\/www.chiesedisicilia.org\/2025\/10\/17\/tempi-dincontro-ma-soprattutto-modalita-la-missio-regionale-al-lavoro-formazione-e-necessita-di-far-rete\/","title":{"rendered":"TEMPI D&#8217;INCONTRO MA SOPRATTUTTO MODALIT\u00c0: LA MISSIO REGIONALE AL LAVORO. FORMAZIONE E NECESSIT\u00c0 DI FAR RETE"},"content":{"rendered":"<p>Le indicazioni dal Consiglio Missionario Nazionale, la condivisione delle esperienze del Giubileo Regionale degli Operatori Missionari dello scorso settembre, del Giubileo del mondo della missione di ottobre e del Festival della Missione, ma anche la programmazione degli incontri regionali 2026 e organizzazione della Commissione Missionaria Regionale. Sono stati tanti i temi affrontati dall&#8217;Ufficio regionale per la Cooperazione missionaria nel corso dell&#8217;incontro di Commissione che si \u00e8 svolto ad Enna lo scorso 15 novembre.<\/p>\n<p>Uno dei temi sui quali il dibattito \u00e8 stato particolarmente vivace ha riguardato la necessit\u00e0 di una formazione missionaria continua, realizzata ad hoc, con una organizzazione che coinvolga anche altri ambiti ecclesiali, in particolare la pastorale giovanile.<\/p>\n<p><img alt=\"TEMPI D'INCONTRO MA SOPRATTUTTO MODALIT\u00c0: LA MISSIO REGIONALE AL LAVORO. FORMAZIONE E NECESSIT\u00c0 DI FAR RETE\" title=\"TEMPI D'INCONTRO MA SOPRATTUTTO MODALIT\u00c0: LA MISSIO REGIONALE AL LAVORO. FORMAZIONE E NECESSIT\u00c0 DI FAR RETE\" loading=\"lazy\" class=\"size-medium wp-image-24946 alignleft\" src=\"https:\/\/www.chiesedisicilia.org\/chiesedisicilia\/news\/wp-content\/uploads\/sites\/2\/2025\/11\/photo_1_2025-11-17_21-53-03.jpg\" alt=\"\" width=\"300\" height=\"225\" srcset=\"https:\/\/euwps05.newsmemory.com\/chiesedisicilia\/news\/wp-content\/uploads\/sites\/2\/2025\/11\/photo_1_2025-11-17_21-53-03.jpg 1280w, https:\/\/euwps05.newsmemory.com\/chiesedisicilia\/news\/wp-content\/uploads\/sites\/2\/2025\/11\/photo_1_2025-11-17_21-53-03-300x225.jpg 300w, https:\/\/euwps05.newsmemory.com\/chiesedisicilia\/news\/wp-content\/uploads\/sites\/2\/2025\/11\/photo_1_2025-11-17_21-53-03-1024x768.jpg 1024w, https:\/\/euwps05.newsmemory.com\/chiesedisicilia\/news\/wp-content\/uploads\/sites\/2\/2025\/11\/photo_1_2025-11-17_21-53-03-768x576.jpg 768w, https:\/\/euwps05.newsmemory.com\/chiesedisicilia\/news\/wp-content\/uploads\/sites\/2\/2025\/11\/photo_1_2025-11-17_21-53-03-750x563.jpg 750w\" sizes=\"(max-width: 300px) 100vw, 300px\" \/>Si \u00e8 riflettuto sull&#8217;opportunit\u00e0 che di realizzare un vademecum per accompagnare le diocesi che non hanno mai fatto un percorso missionario. Inoltre sono state fornite indicazioni nazionali per la cooperazione nazionale tra le Chiese: \u00e8 possibile mandare <em>fidei donum<\/em> laici, sacerdoti, equipe, perch\u00e9 ognuno possa vivere la sua esperienza secondo la propria vocazione. Si \u00e8 sottolineata anche l&#8217;opportunit\u00e0 di una comunicazione ad extra pi\u00f9 attiva delle iniziative, soprattutto quelle giovanili.<\/p>\n<p>Tanti gli impegni dei direttori degli Uffici missionari diocesani per il prossimo futuro: in prospettiva di un processo formativo continuativo in una sede fissa, sono stati proposti quattro incontri di commissione e incontri differenziati nelle varie parti della Sicilia.<\/p>\n<p>La fondazione del Festival della Missione di Torino, intanto, guarda alla Sicilia per il prossimo appuntamento tra tre anni.<\/p>\n","protected":false},"excerpt":{"rendered":"","protected":false},"author":4,"featured_media":24945,"comment_status":"closed","ping_status":"closed","sticky":false,"template":"","format":"standard","meta":[],"categories":[7],"tags":[],"news-destination":[],"news-source":[],"is_homepage":[931],"ta_other":[],"_links":{"self":[{"href":"https:\/\/www.chiesedisicilia.org\/chiesedisicilia\/news\/wp-json\/wp\/v2\/posts\/24947"}],"collection":[{"href":"https:\/\/www.chiesedisicilia.org\/chiesedisicilia\/news\/wp-json\/wp\/v2\/posts"}],"about":[{"href":"https:\/\/www.chiesedisicilia.org\/chiesedisicilia\/news\/wp-json\/wp\/v2\/types\/post"}],"author":[{"embeddable":true,"href":"https:\/\/www.chiesedisicilia.org\/chiesedisicilia\/news\/wp-json\/wp\/v2\/users\/4"}],"replies":[{"embeddable":true,"href":"https:\/\/www.chiesedisicilia.org\/chiesedisicilia\/news\/wp-json\/wp\/v2\/comments?post=24947"}],"version-history":[{"count":1,"href":"https:\/\/www.chiesedisicilia.org\/chiesedisicilia\/news\/wp-json\/wp\/v2\/posts\/24947\/revisions"}],"predecessor-version":[{"id":24948,"href":"https:\/\/www.chiesedisicilia.org\/chiesedisicilia\/news\/wp-json\/wp\/v2\/posts\/24947\/revisions\/24948"}],"wp:featuredmedia":[{"embeddable":true,"href":"https:\/\/www.chiesedisicilia.org\/chiesedisicilia\/news\/wp-json\/wp\/v2\/media\/24945"}],"wp:attachment":[{"href":"https:\/\/www.chiesedisicilia.org\/chiesedisicilia\/news\/wp-json\/wp\/v2\/media?parent=24947"}],"wp:term":[{"taxonomy":"category","embeddable":true,"href":"https:\/\/www.chiesedisicilia.org\/chiesedisicilia\/news\/wp-json\/wp\/v2\/categories?post=24947"},{"taxonomy":"post_tag","embeddable":true,"href":"https:\/\/www.chiesedisicilia.org\/chiesedisicilia\/news\/wp-json\/wp\/v2\/tags?post=24947"},{"taxonomy":"news-destination","embeddable":true,"href":"https:\/\/www.chiesedisicilia.org\/chiesedisicilia\/news\/wp-json\/wp\/v2\/news-destination?post=24947"},{"taxonomy":"news-source","embeddable":true,"href":"https:\/\/www.chiesedisicilia.org\/chiesedisicilia\/news\/wp-json\/wp\/v2\/news-source?post=24947"},{"taxonomy":"is_homepage","embeddable":true,"href":"https:\/\/www.chiesedisicilia.org\/chiesedisicilia\/news\/wp-json\/wp\/v2\/is_homepage?post=24947"},{"taxonomy":"ta_other","embeddable":true,"href":"https:\/\/www.chiesedisicilia.org\/chiesedisicilia\/news\/wp-json\/wp\/v2\/ta_other?post=24947"}],"curies":[{"name":"wp","href":"https:\/\/api.w.org\/{rel}","templated":true}]}}