{"id":24944,"date":"2025-11-15T14:32:08","date_gmt":"2025-11-15T13:32:08","guid":{"rendered":"http:\/\/euwps05.newsmemory.com\/chiesedisicilia\/news\/2025\/11\/15\/giornata-dei-poveri-unoccasione-per-vivificare-la-fede-ed-esercitare-la-giustizia-sociale-i-dati-della-poverta-in-sicilia-e-la-strada-per-restare-anorati-alla-fede\/"},"modified":"2025-11-22T10:57:43","modified_gmt":"2025-11-22T09:57:43","slug":"giornata-dei-poveri-unoccasione-per-vivificare-la-fede-ed-esercitare-la-giustizia-sociale-i-dati-della-poverta-in-sicilia-e-la-strada-per-restare-anorati-alla-fede","status":"publish","type":"post","link":"https:\/\/www.chiesedisicilia.org\/2025\/11\/15\/giornata-dei-poveri-unoccasione-per-vivificare-la-fede-ed-esercitare-la-giustizia-sociale-i-dati-della-poverta-in-sicilia-e-la-strada-per-restare-anorati-alla-fede\/","title":{"rendered":"GIORNATA DEI POVERI: UN&#8217;OCCASIONE PER VIVIFICARE LA FEDE ED ESERCITARE LA GIUSTIZIA SOCIALE. I DATI DELLA POVERT\u00c0 IN SICILIA E LA STRADA PER RESTARE &#8220;ANORATI ALLA FEDE&#8221;"},"content":{"rendered":"<p>Domenica 16 novembre, la Chiesa celebrer\u00e0 la <strong>IX Giornata Mondiale dei Poveri<\/strong> sul tema <strong>\u00abSei tu, mio Signore, la mia speranza\u00bb (Sal 71,5).<\/strong> Nel suo messaggio, Papa Leone XIV richiama ciascuno a riconoscere che la povert\u00e0 non \u00e8 un incidente della storia, ma un luogo teologico, un incontro possibile con il volto di Dio che si fa compagno di strada dei pi\u00f9 piccoli.<\/p>\n<p>La Giornata, specialmente in Sicilia, non \u00e8 semplicemente una ricorrenza: se a livello nazionale la Giornata coincide quest&#8217;anno con il Giubileo dei Poveri, nell&#8217;Isola la ricorrenza diventa per ogni comunit\u00e0 un tempo di grazia per \u201c<em>cercare, conoscere, animare e promuovere i segni di speranza<\/em>\u201d gi\u00e0 presenti nei nostri territori: \u201c<em>luoghi e relazioni dove la carit\u00e0 si fa annuncio, educazione, giustizia e possibilit\u00e0 di vera trasformazione sociale<\/em>\u201d.<\/p>\n<p>Per <strong>Domenico Leggio, direttore regionale di Caritas Sicilia<\/strong>, \u201c<em>\u00e8 molto importante l&#8217;approccio: non \u00e8 solo pensare al povero a cui chiaramente \u00e8 dedicata la Giornata, ma riguarda il come la comunit\u00e0 si preoccupa di incontrare il povero, come riesce a valorizzarlo come risorsa, come la comunit\u00e0 riesce ad essere contaminata dalla ricchezza che lo stato di povert\u00e0 rende a quella persona. \u00c8, insomma, un invito non solo a preoccuparci materialmente di stare loro accanto, ma valorizzare e fare in modo che l&#8217;ascolto di quella persona possa essere strada per inserirlo nella comunit\u00e0<\/em>\u201d. Dunque, per Leggio, \u201c<em>non \u00e8 quello che le comunit\u00e0 organizzano per i poveri, ma che organizzano insieme ai poveri e non soltanto in occasione della giornata dei poveri o nel periodo del Natale, ma tutte quelle piccole attenzioni che devono diventare quotidiane<\/em>\u201d.<\/p>\n<p>Ma chi \u00e8 il povero oggi in Sicilia? Il Report statistico 2025 di Caritas Italiana \u201cLa povert\u00e0 in Italia secondo i dati della rete Caritas\u201d, presentato lo scorso giugno 2025 a Roma, riporta anche la sezione regionale con i dati dell\u2019Osservatorio Regionale delle Risorse e delle Povert\u00e0, rilevati nei 182 centri d\u2019ascolto nelle 17 diocesi siciliane, dove sono state accolte 12.351 persone: il 4,4% del campione nazionale. I dati (cfr. <em>Report<\/em> allegato in pdf) e presentato anche all&#8217;attenzione della Conferenza episcopale siciliana nel corso dell&#8217;ultima sessione di lavoro.<\/p>\n<h5 style=\"text-align: center;\"><strong><span style=\"color: #ff6600;\"><a style=\"color: #ff6600;\" href=\"https:\/\/www.chiesedisicilia.org\/chiesedisicilia\/news\/wp-content\/uploads\/sites\/2\/2025\/11\/REPORT-STATISTICO-2025-DI-CARITAS-ITALIANA.-I-dati-della-Sicilia.pdf\">REPORT STATISTICO 2025 DI CARITAS ITALIANA. I dati della Sicilia<\/a><\/span><\/strong><\/h5>\n<p>Le persone che si rivolgono ai centri Caritas continuano ad essere principalmente di origine Italiana (71,9% nel 2024 rispetto al 72,7% del 2023). Continua a rilevarsi la leggera prevalenza del genere femminile (54,9%).<\/p>\n<p>Numerosi i nuovi contatti che sono il 37,7% (erano 52,9% nel 2023) delle persone incontrate, ma come sottolineato anche nel report italiano, non si tratta di nuovi poveri ma di persone che vengono registrate la prima volta presso i nostri centri. Relativamente bassa rimane la percentuale di persone che vengono seguite da 5 o pi\u00f9 anni. Preoccupano le crescenti situazioni di povert\u00e0 intermittente o di lunga durata: il 24,2% delle persone \u00e8 conosciuto da 2 anni ed il 23,4% \u00e8 in condizioni precarie da pi\u00f9 di 5 anni.<\/p>\n<p>Diversi gli &#8220;ambiti di Bisogno&#8221;: oltre ai bisogni tradizionali di Povert\u00e0 economica (81,7%) e Problemi di occupazione (64,1%), le difficolt\u00e0 maggiormente rilevate riguardano le Problematiche abitative (21,8%), quelle familiari (19,9%) e di salute (19%). Con riferimento a quest\u2019ultimo aspetto, si evidenzia la difficolt\u00e0 riscontrata ad accedere al Servizio Sanitario e, in alcuni casi, la rinuncia alle cure per motivi economici o per le lunghe liste d\u2019attesa.<\/p>\n<p>I dati dipingono un quadro complesso: non sono solo numeri precisi ma strumenti di lettura essenziali per comprendere l&#8217;impatto dell&#8217;inflazione, della precariet\u00e0 lavorativa e della crisi abitativa sui settori pi\u00f9 vulnerabili della popolazione siciliana. Tracciano &#8220;i contorni di tutti quegli aspetti che tengono in qualche modo in bilico la persona tra il cadere in una situazione di povert\u00e0 assoluta e il tentare di risalire la china\u201d e possono farsi coordinate per segnare i passi della solidariet\u00e0, della prossimit\u00e0 e della fratellanza.<\/p>\n<p>Di seguito uno speciale realizzato dall&#8217;Ufficio stampa della CESi con Domenico Leggio, direttore dell&#8217;Ufficio regionale della Conferenza episcopale siciliana per la Carit\u00e0, nel quale presenta la Giornata dei Poveri, i dati della Sicilia e la strada per restare &#8220;Ancorati alla speranza&#8221;<\/p>\n<p><iframe loading=\"lazy\" title=\"IX GIORNATA DEI POVERI\" width=\"640\" height=\"360\" src=\"https:\/\/www.youtube.com\/embed\/Fq9XJ1UEqKA?feature=oembed\" frameborder=\"0\" allow=\"accelerometer; autoplay; clipboard-write; encrypted-media; gyroscope; picture-in-picture; web-share\" referrerpolicy=\"strict-origin-when-cross-origin\" allowfullscreen><\/iframe><\/p>\n<p>&nbsp;<\/p>\n","protected":false},"excerpt":{"rendered":"","protected":false},"author":4,"featured_media":24943,"comment_status":"closed","ping_status":"closed","sticky":false,"template":"","format":"standard","meta":[],"categories":[7],"tags":[],"news-destination":[],"news-source":[],"is_homepage":[931],"ta_other":[],"_links":{"self":[{"href":"https:\/\/www.chiesedisicilia.org\/chiesedisicilia\/news\/wp-json\/wp\/v2\/posts\/24944"}],"collection":[{"href":"https:\/\/www.chiesedisicilia.org\/chiesedisicilia\/news\/wp-json\/wp\/v2\/posts"}],"about":[{"href":"https:\/\/www.chiesedisicilia.org\/chiesedisicilia\/news\/wp-json\/wp\/v2\/types\/post"}],"author":[{"embeddable":true,"href":"https:\/\/www.chiesedisicilia.org\/chiesedisicilia\/news\/wp-json\/wp\/v2\/users\/4"}],"replies":[{"embeddable":true,"href":"https:\/\/www.chiesedisicilia.org\/chiesedisicilia\/news\/wp-json\/wp\/v2\/comments?post=24944"}],"version-history":[{"count":1,"href":"https:\/\/www.chiesedisicilia.org\/chiesedisicilia\/news\/wp-json\/wp\/v2\/posts\/24944\/revisions"}],"predecessor-version":[{"id":24951,"href":"https:\/\/www.chiesedisicilia.org\/chiesedisicilia\/news\/wp-json\/wp\/v2\/posts\/24944\/revisions\/24951"}],"wp:featuredmedia":[{"embeddable":true,"href":"https:\/\/www.chiesedisicilia.org\/chiesedisicilia\/news\/wp-json\/wp\/v2\/media\/24943"}],"wp:attachment":[{"href":"https:\/\/www.chiesedisicilia.org\/chiesedisicilia\/news\/wp-json\/wp\/v2\/media?parent=24944"}],"wp:term":[{"taxonomy":"category","embeddable":true,"href":"https:\/\/www.chiesedisicilia.org\/chiesedisicilia\/news\/wp-json\/wp\/v2\/categories?post=24944"},{"taxonomy":"post_tag","embeddable":true,"href":"https:\/\/www.chiesedisicilia.org\/chiesedisicilia\/news\/wp-json\/wp\/v2\/tags?post=24944"},{"taxonomy":"news-destination","embeddable":true,"href":"https:\/\/www.chiesedisicilia.org\/chiesedisicilia\/news\/wp-json\/wp\/v2\/news-destination?post=24944"},{"taxonomy":"news-source","embeddable":true,"href":"https:\/\/www.chiesedisicilia.org\/chiesedisicilia\/news\/wp-json\/wp\/v2\/news-source?post=24944"},{"taxonomy":"is_homepage","embeddable":true,"href":"https:\/\/www.chiesedisicilia.org\/chiesedisicilia\/news\/wp-json\/wp\/v2\/is_homepage?post=24944"},{"taxonomy":"ta_other","embeddable":true,"href":"https:\/\/www.chiesedisicilia.org\/chiesedisicilia\/news\/wp-json\/wp\/v2\/ta_other?post=24944"}],"curies":[{"name":"wp","href":"https:\/\/api.w.org\/{rel}","templated":true}]}}