{"id":24883,"date":"2025-10-24T10:01:09","date_gmt":"2025-10-24T08:01:09","guid":{"rendered":"http:\/\/euwps05.newsmemory.com\/chiesedisicilia\/news\/2025\/10\/24\/aspetti-amministrativi-e-cura-del-patrimonio-artistico-culturale-gli-aspetti-pratici-dellessere-parroco-oggi-in-sicilia\/"},"modified":"2025-11-03T17:05:22","modified_gmt":"2025-11-03T16:05:22","slug":"aspetti-amministrativi-e-cura-del-patrimonio-artistico-culturale-gli-aspetti-pratici-dellessere-parroco-oggi-in-sicilia","status":"publish","type":"post","link":"https:\/\/www.chiesedisicilia.org\/2025\/10\/24\/aspetti-amministrativi-e-cura-del-patrimonio-artistico-culturale-gli-aspetti-pratici-dellessere-parroco-oggi-in-sicilia\/","title":{"rendered":"ASPETTI AMMINISTRATIVI E CURA DEL PATRIMONIO ARTISTICO-CULTURALE: GLI ASPETTI PRATICI DELL&#8217;ESSERE PARROCO OGGI IN SICILIA"},"content":{"rendered":"<p>&#8220;Per una pastorale delle relazioni. La Parrocchia: aspetti amministrativi e cura del patrimonio artistico-culturale&#8221; \u00e8 il tema del nuovo percorso formativo sulla parrocchia organizzato dal Centro &#8220;Madre del Buon Pastore&#8221; per la formazione permanente del clero.<\/p>\n<p>La significativa tappa del seminario residenziale che si terr\u00e0 dal 17 al 20 novembre prossimi, presso le Suore bocconiste, a Bagheria, \u00e8 incentrata su aspetti pratici dell&#8217;Ufficio del Parroco. Cos\u00ec spiega <strong>don Antonio Sapuppo, direttore del Centro &#8220;Madre del Buon Pastore<\/strong>&#8220;: &#8220;<em>Tratteremo questioni varie relative all&#8217;amministrazione della parrocchia, alla cura del patrimonio artistico-culturale, alla tenuta dei registi parrocchiali, per giungere alla questione del- la cura delle famiglie ferite fra accoglienza pastorale e accompagnamento al giudizio di nullit\u00e0 matrimoniale. Dopo un inquadramento tematico degli argomenti<\/em> &#8211; aggiunge &#8211;<em>, i relatori sottoporranno ai corsisti alcuni casi pratici sui quali discutere e da affrontare insieme, per consentire un necessario passaggio dal mondo dei concetti alla prassi che caratterizza la vita del Parroco<\/em>.<\/p>\n<p>I casi trattati verteranno su: registri parrocchiali, pratiche di matrimonio, norme e prassi per richiedere contributi per i lavori in parrocchia, come tutelare il patrimonio artistico parrocchiale, l&#8217;approccio canonico e relazionale alle richieste di nullit\u00e0 di matrimonio, i risvolti penali dell&#8217;esercizio ministeriale parrocchiale.<\/p>\n<p>Ecco il programma in dettaglio:<\/p>\n<p><strong><em>Luned\u00ec 17 novembre 2025<\/em><\/strong><\/p>\n<p style=\"text-align: center;\"><em>Ore 15.00<\/em> Arrivi e sistemazione<\/p>\n<p style=\"text-align: center;\"><em>Ore 16.00<\/em> Introduzione di <strong>don Antonino Sapuppo<\/strong><\/p>\n<p style=\"text-align: center;\"><strong>Direttore del Centro &#8220;Madre del Buon Pastore&#8221;<\/strong><\/p>\n<p style=\"text-align: center;\"><em>Ore 16.30<\/em> <strong>MARINO MOSCONI<\/strong>, della Facolt\u00e0 Teologica dell&#8217;Italia Settentrionale, su &#8220;<strong>L&#8217;Ufficio del Parroco nella prassi di Curia<\/strong>&#8220;<\/p>\n<p style=\"text-align: center;\"><em>Ore 17.30<\/em> Laboratori<\/p>\n<p style=\"text-align: center;\"><em>Ore 19.00<\/em> Celebrazione eucaristica e Vespri<\/p>\n<p style=\"text-align: center;\"><em>Ore 20.00<\/em> Cena<\/p>\n<p><em><strong>Marted\u00ec 18 novembre 2025<\/strong><\/em><\/p>\n<p style=\"text-align: center;\"><em>Ore 8.00<\/em> Colazione<\/p>\n<p style=\"text-align: center;\"><em>Ore 8.30<\/em> Lodi<\/p>\n<p style=\"text-align: center;\"><em>Ore 9.30<\/em> <strong>VINCENZO TALLUTO<\/strong>, Pontificia Facolt\u00e0 Teologica di Sicilia, &#8220;<strong>Registri parrocchiali e pratiche matrimoniali<\/strong>&#8220;<\/p>\n<p style=\"text-align: center;\"><em>Ore 10.30<\/em>\u00a0Break<\/p>\n<p style=\"text-align: center;\"><em>Ore 11.00<\/em> Laboratori<\/p>\n<p style=\"text-align: center;\"><em>Ore 13.00<\/em> Pranzo<\/p>\n<p style=\"text-align: center;\"><em>Ore 16.30<\/em> <strong>FABIO RAIMONDI<\/strong>, Direttore Ufficio regionale per i Beni culturali e l&#8217;Edilizia di culto,\u00a0&#8220;<strong>Beni culturali ed edilizia di culto. Le politiche della CEI sul patrimonio artistico-culturale della Chiesa italiana<\/strong>&#8220;<\/p>\n<p style=\"text-align: center;\"><em>Ore 17.30<\/em> Laboratori<\/p>\n<p style=\"text-align: center;\"><em>Ore 19.00<\/em> Celebrazione eucaristica e Vespri<\/p>\n<p style=\"text-align: center;\"><em>Ore 20.00<\/em> Cena<\/p>\n<p style=\"text-align: left;\"><strong>Mercoled\u00ec 19 novembre 2025<\/strong><\/p>\n<p style=\"text-align: center;\"><em>Ore 8.00<\/em> Colazioni<\/p>\n<p style=\"text-align: center;\"><em>Ore 8.30<\/em> Lodi mattutine<\/p>\n<p style=\"text-align: center;\"><em>Ore 9.30<\/em> <strong>LUIGI SABBARESE CS<\/strong>, Pontificia Facolt\u00e0 Teologica dell&#8217;Italia Meridionale, &#8220;<strong>La cura pastorale del parroco verso le famiglie ferite<\/strong>&#8220;<\/p>\n<p style=\"text-align: center;\"><em>Ore 10.30<\/em>\u00a0Break<\/p>\n<p style=\"text-align: center;\"><em>Ore 11.00<\/em> Laboratori<\/p>\n<p style=\"text-align: center;\"><em>Ore 13.00<\/em> Pranzo<\/p>\n<p style=\"text-align: center;\"><em>Ore 16.30<\/em> <strong>GIANLUCA BELFIORE<\/strong>, Studio Teologico S. Paolo<\/p>\n<p style=\"text-align: center;\">&#8220;<strong>La responsabilit\u00e0 disciplinari e penali del parroco<\/strong>&#8220;<\/p>\n<p style=\"text-align: center;\"><em>Ore 17.30<\/em> Laboratori<\/p>\n<p style=\"text-align: center;\"><em>Ore 19.00<\/em> Celebrazione eucaristica e Vespri<\/p>\n<p style=\"text-align: center;\"><em>Ore 20.00<\/em> Cena<\/p>\n<p style=\"text-align: left;\"><em><strong>Gioved\u00ec 20 novembre 2025<\/strong><\/em><\/p>\n<p style=\"text-align: center;\"><em>Ore 8.00<\/em> Colazione<\/p>\n<p style=\"text-align: center;\"><em>Ore 8.30<\/em> Lodi<\/p>\n<p style=\"text-align: center;\"><em>Ore 9.30<\/em> <strong>MONS. LIBORIO PALMERI<\/strong>, diocesi di Trapani<\/p>\n<p style=\"text-align: center;\">&#8220;<strong>La bellezza a servizio del culto<\/strong>&#8220;<\/p>\n<p style=\"text-align: center;\"><em>Ore 10.30<\/em>\u00a0Break<\/p>\n<p style=\"text-align: center;\"><em>Ore 11.00<\/em> Laboratori<\/p>\n<p style=\"text-align: center;\"><em>Ore 12.00<\/em> Celebrazione eucaristica<\/p>\n<p style=\"text-align: center;\"><em>Ore 13.00<\/em> Pranzo<\/p>\n<p style=\"text-align: center;\"><em>Ore 14.30<\/em> Saluti e partenze<\/p>\n<p>La partecipazione al corso prevede una quota di 200 euro.<\/p>\n<p>Per informazioni e prenotazioni \u00e8 possibile inviare una mail a <a href=\"mailto:centromadredelbuonpastore@gmail.com\">centromadredelbuonpastore@gmail.com.<\/a><\/p>\n","protected":false},"excerpt":{"rendered":"","protected":false},"author":4,"featured_media":24911,"comment_status":"closed","ping_status":"closed","sticky":false,"template":"","format":"standard","meta":[],"categories":[7],"tags":[],"news-destination":[],"news-source":[],"is_homepage":[931],"ta_other":[],"_links":{"self":[{"href":"https:\/\/www.chiesedisicilia.org\/chiesedisicilia\/news\/wp-json\/wp\/v2\/posts\/24883"}],"collection":[{"href":"https:\/\/www.chiesedisicilia.org\/chiesedisicilia\/news\/wp-json\/wp\/v2\/posts"}],"about":[{"href":"https:\/\/www.chiesedisicilia.org\/chiesedisicilia\/news\/wp-json\/wp\/v2\/types\/post"}],"author":[{"embeddable":true,"href":"https:\/\/www.chiesedisicilia.org\/chiesedisicilia\/news\/wp-json\/wp\/v2\/users\/4"}],"replies":[{"embeddable":true,"href":"https:\/\/www.chiesedisicilia.org\/chiesedisicilia\/news\/wp-json\/wp\/v2\/comments?post=24883"}],"version-history":[{"count":1,"href":"https:\/\/www.chiesedisicilia.org\/chiesedisicilia\/news\/wp-json\/wp\/v2\/posts\/24883\/revisions"}],"predecessor-version":[{"id":24894,"href":"https:\/\/www.chiesedisicilia.org\/chiesedisicilia\/news\/wp-json\/wp\/v2\/posts\/24883\/revisions\/24894"}],"wp:featuredmedia":[{"embeddable":true,"href":"https:\/\/www.chiesedisicilia.org\/chiesedisicilia\/news\/wp-json\/wp\/v2\/media\/24911"}],"wp:attachment":[{"href":"https:\/\/www.chiesedisicilia.org\/chiesedisicilia\/news\/wp-json\/wp\/v2\/media?parent=24883"}],"wp:term":[{"taxonomy":"category","embeddable":true,"href":"https:\/\/www.chiesedisicilia.org\/chiesedisicilia\/news\/wp-json\/wp\/v2\/categories?post=24883"},{"taxonomy":"post_tag","embeddable":true,"href":"https:\/\/www.chiesedisicilia.org\/chiesedisicilia\/news\/wp-json\/wp\/v2\/tags?post=24883"},{"taxonomy":"news-destination","embeddable":true,"href":"https:\/\/www.chiesedisicilia.org\/chiesedisicilia\/news\/wp-json\/wp\/v2\/news-destination?post=24883"},{"taxonomy":"news-source","embeddable":true,"href":"https:\/\/www.chiesedisicilia.org\/chiesedisicilia\/news\/wp-json\/wp\/v2\/news-source?post=24883"},{"taxonomy":"is_homepage","embeddable":true,"href":"https:\/\/www.chiesedisicilia.org\/chiesedisicilia\/news\/wp-json\/wp\/v2\/is_homepage?post=24883"},{"taxonomy":"ta_other","embeddable":true,"href":"https:\/\/www.chiesedisicilia.org\/chiesedisicilia\/news\/wp-json\/wp\/v2\/ta_other?post=24883"}],"curies":[{"name":"wp","href":"https:\/\/api.w.org\/{rel}","templated":true}]}}