{"id":24878,"date":"2025-10-14T13:06:17","date_gmt":"2025-10-14T11:06:17","guid":{"rendered":"http:\/\/euwps06.newsmemory.com\/chiesedisicilia\/news\/2025\/10\/14\/perche-dalle-ceneri-e-dal-sangue-rinasca-la-vita-messaggio-degli-arcivescovi-di-palermo-e-di-monreale-per-luccisione-di-paolo-taormina\/"},"modified":"2025-10-14T13:06:19","modified_gmt":"2025-10-14T11:06:19","slug":"perche-dalle-ceneri-e-dal-sangue-rinasca-la-vita-messaggio-degli-arcivescovi-di-palermo-e-di-monreale-per-luccisione-di-paolo-taormina","status":"publish","type":"post","link":"https:\/\/www.chiesedisicilia.org\/2025\/10\/14\/perche-dalle-ceneri-e-dal-sangue-rinasca-la-vita-messaggio-degli-arcivescovi-di-palermo-e-di-monreale-per-luccisione-di-paolo-taormina\/","title":{"rendered":"\u201cPERCH\u00c9 DALLE CENERI E DAL SANGUE RINASCA LA VITA\u201d: MESSAGGIO DEGLI ARCIVESCOVI DI PALERMO E DI MONREALE PER L&#8217;UCCISIONE DI PAOLO TAORMINA"},"content":{"rendered":"<p style=\"text-align: left;\" align=\"center\">&#8220;Perch\u00e9 dalle ceneri e dal sangue rinasca la vita&#8221; \u00e8 il titolo di un messaggio a firma congiunta degli arcivescovi di Palermo e di Monreale,\u00a0mons. Corrado Lorefice e mons. Gualtiero Isacchi,\u00a0per l&#8217;uccisione di Paolo Taormina. Nel testo anche un appuntamento: sabato 18 ottobre, alle ore 21.00, nel quartiere ZEN, nell&#8217;atrio antistante alla chiesa San Filippo Neri,\u00a0 un momento di raccoglimento e di preghiera.<\/p>\n<p style=\"text-align: left;\" align=\"center\">Ecco il testo:<\/p>\n<p style=\"text-align: left;\"><em>Pietrificati. Sgomenti. Ancora un giovane che toglie la vita ad un altro giovane.\u00a0 In modo brutale. Distrutte due vite, travolte famiglie, due in particolare. Il dolore e il turbamento ci travolgono.<\/em><\/p>\n<p style=\"text-align: left;\"><em>Caino continua ad uccidere Abele. Continua. Mani che si alzano, che impugnano ancora armi di pietra o di ferro per seminare morte. La stessa violenza, lo stesso dolore.<\/em><\/p>\n<p style=\"text-align: left;\"><em>Strazio che contorce le viscere di chi ha perso un figlio, un fratello, un amico e sente la vita segnata ormai da una assenza improvvisa, inspiegabile, violenta, la fine di un&#8217;esistenza chiamata a fiorire, a godere la vita, gli amori, un futuro.<\/em><\/p>\n<p style=\"text-align: left;\"><em>Strazio del fallimento educativo di una famiglia che ha cresciuto un figlio ma senza trasmettergli il valore inalienabile e intoccabile della propria e altrui vita, senza far passare che la violenza brutale non appartiene all&#8217;identit\u00e0 vera degli umani. \u00c8 solo mostruosit\u00e0! Va commiserata, non certamente esaltata.<\/em><\/p>\n<p style=\"text-align: left;\"><em>Strazio in cui si infrange la fragile speranza di coloro che un figlio, un fratello, un amico lo hanno gi\u00e0 perso a causa della violenza e si auguravano non accadesse mai pi\u00f9.<\/em><\/p>\n<p style=\"text-align: left;\"><em>La Chiesa si interroga: dove \u00e8 finito l&#8217;insegnamento dell&#8217;Innocente ucciso su una croce per dire che siamo fratelli e sorelle, umani, figli amati da Dio, vite da custodire?<\/em><\/p>\n<p style=\"text-align: left;\"><em>E la Citt\u00e0 si interroga: pu\u00f2 la cultura di una civilt\u00e0 fermentata da tanti popoli, nutrita da tante linfe, dissolversi in un gesto? Quanto spazio abbiamo dato al culto del potere, dell&#8217;avere, della bruta forza, dei privilegi di casta, humus propizio per foraggiare mentalit\u00e0 e organizzazioni mafiose di ieri e di oggi? Quanto spazio abbiamo accordato alla loro cultura di morte, al loro subdolo sentirsi come divinit\u00e0 che hanno potere e diritto sulla vita degli altri? Troppo abbiamo sopportato la presenza di questa cultura, che si \u00e8 infiltrata ovunque, in modi sottili, silenziosi, convincendo tanti di noi che fosse l&#8217;unica possibile e che &#8216;nulla mia cambier\u00e0&#8217;. E ritorna la sensazione devastante di sentirci falliti: come genitori, come educatori, come Chiesa, come Istituzioni, come uomini e donne di governo.<\/em><\/p>\n<p style=\"text-align: left;\"><em>Cosa abbiamo trasmesso ai nostri ragazzi? Come li abbiamo custoditi?<\/em><\/p>\n<p style=\"text-align: left;\"><em>Ancora una volta dobbiamo protestare contro la violenza mortale, contro un modo di vedere il mondo che rende legittima la follia pi\u00f9 grande dell&#8217;uomo, la follia di uccidere un altro uomo. Ricordiamo le nottate violente di Monreale e, ancora una volta, di Palermo.<\/em><\/p>\n<p style=\"text-align: left;\"><em>Quando ascolteremo la disperazione dei nostri giovani? Il vuoto che abbiamo fatto trovare loro? Come Vescovi sentiamo tutto il fallimento della Chiesa e della societ\u00e0. Non abbiamo risposte, ma domande alle quali non intendiamo sottrarci.<\/em><\/p>\n<p style=\"text-align: left;\"><em>Che il crudele omicidio di\u00a0<b>Paolo Taormina<\/b>, sulla scia della barbara uccisione di Ges\u00f9 di Nazareth, diventi punto fermo per una svolta. Che la vita di Paolo diventi segno di trasformazione delle nostre Citt\u00e0, germe di rinascita. \u00c8 vero, ce lo eravamo augurati gi\u00e0 lo scorso aprile, dopo quella notte di sangue a Monreale. Oggi rinnoviamo la stessa speranza. Crediamo che il cambiamento sia possibile! Scegliamo di alimentare il piccolo ulivo che le mamme dei tre giovani uccisi a Monreale hanno voluto piantare in quella piazza bagnata dal sangue innocente. Serve tempo, ma \u00e8 un segno che, se curato da noi tutti, crescer\u00e0 e dar\u00e0 frutti.<\/em><\/p>\n<p style=\"text-align: left;\"><em>Non si tratta solamente di presidiare e mettere a soqquadro i quartieri a rischio o i luoghi della movida, bens\u00ec di\u00a0essere presenti\u00a0tutti e insieme, a cominciare dalle Istituzioni civili, militari, scolastiche, religiose, con una &#8216;politica&#8217; della cura dei cittadini pi\u00f9 fragili. Fragili per mancata equa destinazione di beni (lavoro, casa, pane), per accesso alla cultura, per opportunit\u00e0 occupazionali e di crescita umana e spirituale.\u00a0Essere presenti\u00a0nelle vicende lieti e tristi che si vivono nelle case, nelle strade, nei quartieri. Abbiamo bisogno di rivedere le nostre politiche sociali, urbanistiche, di sviluppo culturale ed economico. Le nostre scelte religiose che tradiscono Dio e il suo sogno se restano prigioniere dei luoghi di culto e delle sacrestie. Dobbiamo ammettere i nostri fallimenti. Dobbiamo ammetterli tutti insieme. Siamo stati noi, uomini, a relegare altri uomini in spazi e contesti periferici. Se non partiamo dall&#8217;unico &#8216;centro&#8217; che \u00e8 l&#8217;uomo e la sua dignit\u00e0 \u2013 ogni uomo e ogni donna \u2013, se non riprendiamo in mano la Costituzione Italiana a partite dai primi suoi articoli, creeremo sempre pi\u00f9 periferie urbane ed esistenziali. Vedremo aumentare il disagio giovanile che ha nella violenza un segno conclamato: noi adulti non riusciamo ancora a riconoscerlo e a interpretarlo.<\/em><\/p>\n<p style=\"text-align: left;\"><em>\u00a0Se non partiamo dai pi\u00f9 poveri \u2013 dagli scarti umani generati dalla nostra cultura dell&#8217;indifferenza, dell&#8217;economia del profitto, del piacere sfrenato, del potere della forza \u2013 non potr\u00e0 mai esserci una convivenza serena nelle nostre Citt\u00e0. Incentiveremo disuguaglianze, ingiustizie e, conseguentemente, sottocultura e violenza. Saremo noi \u2013 che ci reputiamo &#8216;giusti&#8217; e meritevoli \u2013 gli sponsor invisibili (ma consapevoli!) delle perverse &#8216;strutture di peccato&#8217; malavitose e mafiose.<\/em><\/p>\n<p style=\"text-align: left;\"><em>Basta violenza. Basta uccisioni. Torniamo a educare, a coinvolgerci e a governare nel segno dell&#8217;umanit\u00e0: ogni vita \u00e8 sempre sacra.<\/em><\/p>\n<p style=\"text-align: left;\">\n<p style=\"text-align: left;\"><em>Vi invitiamo,\u00a0<b>sabato 18 ottobre alle ore 21, a ritrovarci<\/b> allo <b>Zen, <\/b>nell&#8217;<b>Atrio<\/b>\u00a0<b>antistante la Chiesa &#8220;S. Filippo Neri&#8221;,\u00a0<\/b>in<b>\u00a0via Fausto Coppi\u00a0<\/b>a<b>\u00a0Palermo<\/b>.\u00a0<b>Ricorderemo Paolo e gli altri giovani vittime di violenza<\/b>. Li &#8216;porteremo al cuore&#8217;, nei nostri cuori. Staremo insieme alla presenza di Dio. Accoglieremo e pronunceremo parole di vita, di mitezza, di pace, di cura. Perch\u00e9 dalle ceneri e dal sangue rinasca la Vita, ogni vita.<\/em><\/p>\n<p style=\"text-align: left;\"><em>Invitiamo tutte le Istituzioni cittadine Civili, Militari, Scolastiche, Accademiche, Culturali e Religiose e, soprattutto, voi giovani che animate i luoghi di ritrovo della cosiddetta &#8216;movida&#8217;. Trascorriamo insieme un sabato sera &#8216;alternativo&#8217;. Scegliamo di &#8216;esserci&#8217;, di essere presenti in modo diverso nella Citt\u00e0, &#8216;pro-vocando&#8217;, portando luce, esperienze costruttive, riscaldando i cuori perch\u00e9 ogni spazio cittadino sia il &#8216;Centro&#8217; e possa essere luogo di rinascita e non di devastazione e emarginazione.<\/em><\/p>\n<p style=\"text-align: left;\"><em>Affidiamoci a Maria Addolorata. Solo lei sa entrare nel cuore trafitto di una madre che tiene tra le braccia il figlio ucciso ma anche in quello della madre di un figlio omicida. La Madre di Ges\u00f9 ci insegni la via della rinascita, l&#8217;amore verso i piccoli, i poveri, i bambini, verso quelli che non hanno voce. La via della non violenza e della pace.<\/em><\/p>\n<p style=\"text-align: left;\"><em>Vi abbracciamo e vi aspettiamo.<\/em><\/p>\n<p><b>+<\/b>\u00a0<i>Corrado Lorefice\u00a0 \u00a0 \u00a0 \u00a0 \u00a0 \u00a0 \u00a0 \u00a0 \u00a0 \u00a0 \u00a0 \u00a0 \u00a0 \u00a0 \u00a0 \u00a0 \u00a0 \u00a0 \u00a0 \u00a0 \u00a0 \u00a0 \u00a0 \u00a0 \u00a0 \u00a0 <\/i><b>\u00a0<\/b><b>+<\/b>\u00a0<i>Gualtiero Isacchi<\/i><\/p>\n","protected":false},"excerpt":{"rendered":"","protected":false},"author":4,"featured_media":24877,"comment_status":"closed","ping_status":"closed","sticky":false,"template":"","format":"standard","meta":[],"categories":[30],"tags":[],"news-destination":[],"news-source":[],"is_homepage":[931],"ta_other":[],"_links":{"self":[{"href":"https:\/\/www.chiesedisicilia.org\/chiesedisicilia\/news\/wp-json\/wp\/v2\/posts\/24878"}],"collection":[{"href":"https:\/\/www.chiesedisicilia.org\/chiesedisicilia\/news\/wp-json\/wp\/v2\/posts"}],"about":[{"href":"https:\/\/www.chiesedisicilia.org\/chiesedisicilia\/news\/wp-json\/wp\/v2\/types\/post"}],"author":[{"embeddable":true,"href":"https:\/\/www.chiesedisicilia.org\/chiesedisicilia\/news\/wp-json\/wp\/v2\/users\/4"}],"replies":[{"embeddable":true,"href":"https:\/\/www.chiesedisicilia.org\/chiesedisicilia\/news\/wp-json\/wp\/v2\/comments?post=24878"}],"version-history":[{"count":0,"href":"https:\/\/www.chiesedisicilia.org\/chiesedisicilia\/news\/wp-json\/wp\/v2\/posts\/24878\/revisions"}],"wp:featuredmedia":[{"embeddable":true,"href":"https:\/\/www.chiesedisicilia.org\/chiesedisicilia\/news\/wp-json\/wp\/v2\/media\/24877"}],"wp:attachment":[{"href":"https:\/\/www.chiesedisicilia.org\/chiesedisicilia\/news\/wp-json\/wp\/v2\/media?parent=24878"}],"wp:term":[{"taxonomy":"category","embeddable":true,"href":"https:\/\/www.chiesedisicilia.org\/chiesedisicilia\/news\/wp-json\/wp\/v2\/categories?post=24878"},{"taxonomy":"post_tag","embeddable":true,"href":"https:\/\/www.chiesedisicilia.org\/chiesedisicilia\/news\/wp-json\/wp\/v2\/tags?post=24878"},{"taxonomy":"news-destination","embeddable":true,"href":"https:\/\/www.chiesedisicilia.org\/chiesedisicilia\/news\/wp-json\/wp\/v2\/news-destination?post=24878"},{"taxonomy":"news-source","embeddable":true,"href":"https:\/\/www.chiesedisicilia.org\/chiesedisicilia\/news\/wp-json\/wp\/v2\/news-source?post=24878"},{"taxonomy":"is_homepage","embeddable":true,"href":"https:\/\/www.chiesedisicilia.org\/chiesedisicilia\/news\/wp-json\/wp\/v2\/is_homepage?post=24878"},{"taxonomy":"ta_other","embeddable":true,"href":"https:\/\/www.chiesedisicilia.org\/chiesedisicilia\/news\/wp-json\/wp\/v2\/ta_other?post=24878"}],"curies":[{"name":"wp","href":"https:\/\/api.w.org\/{rel}","templated":true}]}}