{"id":2484,"date":"2010-10-26T12:04:00","date_gmt":"2010-10-26T10:04:00","guid":{"rendered":"http:\/\/wptestsite.tecnavia.com\/chiesedisicilia_clientsite\/news\/2010\/10\/26\/messina-i-catechisti-celebrano-il-loro-xxvii-convegno\/"},"modified":"2018-11-12T07:57:50","modified_gmt":"2018-01-16T07:57:50","slug":"messina-i-catechisti-celebrano-il-loro-xxvii-convegno","status":"publish","type":"post","link":"https:\/\/www.chiesedisicilia.org\/2010\/10\/26\/messina-i-catechisti-celebrano-il-loro-xxvii-convegno\/","title":{"rendered":"MESSINA. I CATECHISTI CELEBRANO IL LORO XXVII CONVEGNO"},"content":{"rendered":"<div>\n<p class=\"MsoNormal\" style=\"text-align: justify; margin: 0cm -0.05pt 0pt 0cm\">\u00a0<\/p>\n<div>Si celebrer\u00e0 oggi, domenica 7 novembre, il XXVII Convegno diocesano dei catechisti. L\u2019appuntamento avr\u00e0 inizio alle 9 e si concluder\u00e0 alle 16 e si svolger\u00e0 nel Padiglione 7A della Fiera di Messina. Sollecitati dall\u2019esortazione dell\u2019Arcivescovo, che propone alla Chiesa di Messina Lipari S. Lucia del Mela un cammino decennale all\u2019insegna del motto \u201cVerso la tua Parola guida il mio cuore\u201d, \u00e8 stato avviato (gi\u00e0 dal mese di settembre) in collaborazione con l\u2019Ufficio IRC, un Itinerario di Formazione Biblica, per favorire la conoscenza, l\u2019approfondimento, lo studio e la meditazione della Parola di Dio, accanto a proposte concrete di metodologia catechistica. \u201cAscolta! Usc\u00ec il seminatore a seminare\u201d: \u00e8 questa la Parola, tratta dalla parabola di Mc 4,3-9, che diviene esortazione e impegno nel Messaggio che l\u2019Arcivescovo ha voluto indirizzare a tutta la comunit\u00e0 diocesana per l\u2019Anno pastorale 2010-2011 e che, particolarmente, trova impegnati tutti i catechisti, come annunciatori della Parola ed educatori nella fede. L\u2019appuntamento viene proposto come \u201cgiornata intensa di fede e di comunione fraterna, in un clima di festa e di gioia\u201d. \u201cI catechisti sono i primi collaboratori dei presbiteri, dei diaconi e dei religiosi nell\u2019annuncio del Vangelo e nell\u2019educazione alla fede e, come tali, costituiscono un bene prezioso per la nostra comunit\u00e0 ecclesiale\u201d, dice mons. Giuseppe Costa, direttore dell\u2019Ufficio catechistico diocesano di Messina. E\u2019 lui a rendere noto che \u201ci catechisti in diocesi costituiscono quasi un \u201cesercito di volontari\u201d, il cui numero si avvicina alle tremila unit\u00e0: differenti, certo, per formazione e preparazione, ma tutti animati da spirito di dedizione e da generosa disponibilit\u00e0\u201d. Il Convegno di quest\u2019anno \u00e8 stato preparato dal nuovo Direttore dell\u2019Ufficio Catechistico, mons. Giuseppe Costa, professore di Sacra Scrittura e Vicepreside presso l\u2019Istituto Teologico S. Tommaso, che \u00e8 subentrato a mons. Pietro Aliqu\u00f2, direttore dell\u2019UCD per ben ventisei anni. Visitando il sito diocesano (www.diocesimessina.net) sar\u00e0 possibile seguire la diretta streaming-video dell&#8217;intero convegno. [01]<\/p>\n<div>\u00a0<\/div>\n<\/div>\n<\/div>\n","protected":false},"excerpt":{"rendered":"","protected":false},"author":1,"featured_media":0,"comment_status":"open","ping_status":"open","sticky":false,"template":"","format":"standard","meta":[],"categories":[30],"tags":[],"news-destination":[],"news-source":[],"is_homepage":[],"ta_other":[],"_links":{"self":[{"href":"https:\/\/www.chiesedisicilia.org\/chiesedisicilia\/news\/wp-json\/wp\/v2\/posts\/2484"}],"collection":[{"href":"https:\/\/www.chiesedisicilia.org\/chiesedisicilia\/news\/wp-json\/wp\/v2\/posts"}],"about":[{"href":"https:\/\/www.chiesedisicilia.org\/chiesedisicilia\/news\/wp-json\/wp\/v2\/types\/post"}],"author":[{"embeddable":true,"href":"https:\/\/www.chiesedisicilia.org\/chiesedisicilia\/news\/wp-json\/wp\/v2\/users\/1"}],"replies":[{"embeddable":true,"href":"https:\/\/www.chiesedisicilia.org\/chiesedisicilia\/news\/wp-json\/wp\/v2\/comments?post=2484"}],"version-history":[{"count":1,"href":"https:\/\/www.chiesedisicilia.org\/chiesedisicilia\/news\/wp-json\/wp\/v2\/posts\/2484\/revisions"}],"predecessor-version":[{"id":20969,"href":"https:\/\/www.chiesedisicilia.org\/chiesedisicilia\/news\/wp-json\/wp\/v2\/posts\/2484\/revisions\/20969"}],"wp:attachment":[{"href":"https:\/\/www.chiesedisicilia.org\/chiesedisicilia\/news\/wp-json\/wp\/v2\/media?parent=2484"}],"wp:term":[{"taxonomy":"category","embeddable":true,"href":"https:\/\/www.chiesedisicilia.org\/chiesedisicilia\/news\/wp-json\/wp\/v2\/categories?post=2484"},{"taxonomy":"post_tag","embeddable":true,"href":"https:\/\/www.chiesedisicilia.org\/chiesedisicilia\/news\/wp-json\/wp\/v2\/tags?post=2484"},{"taxonomy":"news-destination","embeddable":true,"href":"https:\/\/www.chiesedisicilia.org\/chiesedisicilia\/news\/wp-json\/wp\/v2\/news-destination?post=2484"},{"taxonomy":"news-source","embeddable":true,"href":"https:\/\/www.chiesedisicilia.org\/chiesedisicilia\/news\/wp-json\/wp\/v2\/news-source?post=2484"},{"taxonomy":"is_homepage","embeddable":true,"href":"https:\/\/www.chiesedisicilia.org\/chiesedisicilia\/news\/wp-json\/wp\/v2\/is_homepage?post=2484"},{"taxonomy":"ta_other","embeddable":true,"href":"https:\/\/www.chiesedisicilia.org\/chiesedisicilia\/news\/wp-json\/wp\/v2\/ta_other?post=2484"}],"curies":[{"name":"wp","href":"https:\/\/api.w.org\/{rel}","templated":true}]}}